{"id":5796,"date":"2024-10-22T19:16:04","date_gmt":"2024-10-22T18:16:04","guid":{"rendered":"https:\/\/www.mefamo.be\/MFMarts\/?p=5796"},"modified":"2025-01-13T12:49:56","modified_gmt":"2025-01-13T11:49:56","slug":"compte-rendu-du-festival-cinema-interdit-2024-edition-bruxelloise","status":"publish","type":"post","link":"https:\/\/www.mefamo.be\/MFMarts\/compte-rendu-du-festival-cinema-interdit-2024-edition-bruxelloise\/","title":{"rendered":"Compte-rendu du Festival Cin\u00e9ma Interdit 2024, \u00e9dition bruxelloise"},"content":{"rendered":"\t\t<div data-elementor-type=\"wp-post\" data-elementor-id=\"5796\" class=\"elementor elementor-5796\">\n\t\t\t\t\t\t<section class=\"elementor-section elementor-top-section elementor-element elementor-element-2d4e8e7 elementor-section-boxed elementor-section-height-default elementor-section-height-default\" data-id=\"2d4e8e7\" data-element_type=\"section\">\n\t\t\t\t\t\t<div class=\"elementor-container elementor-column-gap-default\">\n\t\t\t\t\t<div class=\"elementor-column elementor-col-100 elementor-top-column elementor-element elementor-element-1973814\" data-id=\"1973814\" data-element_type=\"column\">\n\t\t\t<div class=\"elementor-widget-wrap elementor-element-populated\">\n\t\t\t\t\t\t<div class=\"elementor-element elementor-element-64c8326 elementor-widget elementor-widget-text-editor\" data-id=\"64c8326\" data-element_type=\"widget\" data-widget_type=\"text-editor.default\">\n\t\t\t\t<div class=\"elementor-widget-container\">\n\t\t\t<style>\/*! elementor - v3.19.0 - 07-02-2024 *\/\n.elementor-widget-text-editor.elementor-drop-cap-view-stacked .elementor-drop-cap{background-color:#69727d;color:#fff}.elementor-widget-text-editor.elementor-drop-cap-view-framed .elementor-drop-cap{color:#69727d;border:3px solid;background-color:transparent}.elementor-widget-text-editor:not(.elementor-drop-cap-view-default) .elementor-drop-cap{margin-top:8px}.elementor-widget-text-editor:not(.elementor-drop-cap-view-default) .elementor-drop-cap-letter{width:1em;height:1em}.elementor-widget-text-editor .elementor-drop-cap{float:left;text-align:center;line-height:1;font-size:50px}.elementor-widget-text-editor .elementor-drop-cap-letter{display:inline-block}<\/style>\t\t\t\t<\/br><\/br>\nAu cin\u00e9ma Aventure, \u00e0 Bruxelles, a eu lieu, du 6 au 8 septembre, l\u2019\u00e9dition bruxelloise du Festival Cin\u00e9ma Interdit. Un festival organis\u00e9 par le youtubeur <em id=\"red\">Azz l\u2019\u00c9pouvantail<\/em>, sp\u00e9cialis\u00e9 dans les critiques de films horrifiques, allant souvent d\u00e9nicher des r\u00e9f\u00e9rences hyper pointues, pour notre plus grand bonheur. C\u2019est la premi\u00e8re fois que ce festival prend place dans notre capitale belge, car les deux pr\u00e9c\u00e9dentes \u00e9ditions se sont quant \u00e0 elles d\u00e9roul\u00e9es \u00e0 Paris, au Club de l\u2019\u00c9toile, respectivement en mai 2023 et fin mai-d\u00e9but juin 2024. Cette programmation bruxelloise \u00e9tait compos\u00e9e en tr\u00e8s grande partie de films japonais, s\u00e9lectionn\u00e9s avec soin par l\u2019organisateur, tous plus f\u00eal\u00e9s les uns que les autres. En voici un compte-rendu non exhaustif.\n<\/br><\/br>\nCommen\u00e7ons tout d\u2019abord par parler du film d\u2019ouverture : une production am\u00e9ricano-serbe. <b id=\"red\">Eight Eyes<\/b>, de <em id=\"red\">Austin Jennings<\/em>, met en sc\u00e8ne Cass et Gav, un couple dysfonctionnel, qui d\u00e9cide de faire un voyage en ex-Yougoslavie afin de tenter de raviver la flamme de leur mariage. Un myst\u00e9rieux personnage, surnomm\u00e9 Saint Pierre, va leur servir de guide. Les deux tourtereaux commencent \u00e0 se m\u00e9fier de cet homme, qui semble faire une fixation sur Cass. La suite s\u2019orientera vers une v\u00e9ritable descente aux enfers pour les mari\u00e9s, aux allures de fantastique et de psych\u00e9d\u00e9lisme totalement d\u00e9lur\u00e9s. Nous avons ici affaire \u00e0 une histoire qui d\u00e9marre comme <b id=\"red\">Hostel<\/b> de <em id=\"red\">Eli Roth<\/em>, mais part dans quelque chose de bien diff\u00e9rent par la suite, faisant appel \u00e0 des \u00e9l\u00e9ments beaucoup plus inattendus, et poss\u00e9dant une aura bien plus subtile que le film pr\u00e9cit\u00e9. Le suspense nous retient en otage jusqu\u2019aux s\u00e9quences finales, au ton hallucinant. Le gore est pr\u00e9sent \u00e9galement, gu\u00e8re utilis\u00e9 \u00e0 outrance, contrairement \u00e0 beaucoup de films de ce type, mais avec parcimonie et de mani\u00e8re astucieuse.\n<\/br><\/br>\nPassons au premier film japonais de la s\u00e9lection : <b id=\"red\">Holy Mother!<\/b> de <em id=\"red\">Yoshihiro Nishimura<\/em>, r\u00e9alisateur responsable des exc\u00e8s en tous genres du fameux <b id=\"red\">Tokyo Gore Police<\/b>. Dans ce film, une h\u00e9ro\u00efne transgenre aux pouvoirs surnaturels vient d\u00e9fendre des yakuzas m\u00e9tisses contre l\u2019oppression d\u2019une milice japonaise raciste. Les exc\u00e8s de la photographie ultra color\u00e9e ne sont nullement retenus par le manque de budget. Toute l\u2019essence du cin\u00e9aste Nishimura s\u2019y retrouve, comme dans ses autres films, et l\u2019influence des productions <em id=\"red\">Sushi Typhoon<\/em> se fait bien sentir. Mention sp\u00e9ciale \u00e0 la s\u00e9quence o\u00f9 l\u2019h\u00e9ro\u00efne tranche les quatre membres d\u2019une mauvaise et se sert des jets de sang du corps ainsi mutil\u00e9 pour se propulser dans les airs, surfant donc sur un v\u00e9ritable \u00ab hoverboard \u00bb humain ! La salle enti\u00e8re fut hilare !\n<\/br><\/br>\n<b id=\"red\">Bakemono<\/b>, r\u00e9alis\u00e9 au Japon par un certain <em id=\"red\">Doug Roos<\/em>, se d\u00e9roule quasi int\u00e9gralement dans un appartement tokyo\u00efte sombre, et l\u2019ambiance de ce m\u00e9trage, qui para\u00eet ultra long, y est v\u00e9ritablement oppressante, voire terrifiante par moments. Nous sommes plong\u00e9s dans une sorte de cauchemar sans fin, dans lequel l\u2019appartement lui-m\u00eame semble pousser ses divers r\u00e9sidents de passage \u00e0 s\u2019entretuer. Les m\u00eames s\u00e9quences avec les m\u00eames personnages se r\u00e9p\u00e8tent ind\u00e9finiment, sous de multiples variations, brouillant les fronti\u00e8res de la narration. Le r\u00e9sultat final ressemble \u00e0 une sorte de film gore totalement exp\u00e9rimental. Ai-je aim\u00e9 ou pas aim\u00e9 ? Je ne peux le dire, mais il s\u2019agit l\u00e0 d\u2019une v\u00e9ritable exp\u00e9rience, cela est s\u00fbr !\n<\/br><\/br>\nEn ce qui concerne <b id=\"red\">Mukuro Trilogy<\/b>, il s\u2019agit, comme le titre l\u2019indique, d\u2019une trilogie de courts-m\u00e9trages, tous r\u00e9alis\u00e9s par <em id=\"red\">Katsumi Sasaki<\/em> et tous plus gla\u00e7ants les uns que les autres. Ce cin\u00e9aste ainsi que l\u2019actrice principale de ces trois courts, <em id=\"red\">Aya Takemi<\/em>, faisaient d\u2019ailleurs partie des invit\u00e9s du festival. Le segment <b id=\"red\">Apartment Inferno<\/b> nous conte une histoire d\u2019amour dans le milieu bien trash des petits criminels charg\u00e9s de faire dispara\u00eetre des cadavres. <b id=\"red\">Sweet Home Inferno<\/b> raconte l\u2019emprise d\u2019un gourou sur une famille dysfonctionnelle, dans laquelle le p\u00e8re, la m\u00e8re et l\u2019une des deux filles s\u2019acharnent contre la soeur cadette de cette derni\u00e8re. <b id=\"red\">Just Like a Mother<\/b> nous parle des relations d\u2019entraide m\u00e8re-fille lorsque celles-ci sont toutes deux victimes de viols et de tortures, commises par trois jeunes zonards. Au fur et \u00e0 mesure de ces trois segments, l\u2019intensit\u00e9 \u00e9motionnelle se fait de plus en plus forte, la violence de plus en plus graphique \u00e9galement. Dans les deux derniers, on s\u2019identifie particuli\u00e8rement aux victimes aux moments o\u00f9 elles parviennent \u00e0 reprendre le dessus sur tous leurs bourreaux. Un v\u00e9ritable festival de vengeance gore et de sensations fortes en tous genres sont au programme ! Bravo \u00e0 l\u2019actrice principale Aya Takemi, qui porte chacun des trois films, et \u00e0 la maestria du r\u00e9alisateur, dont la mise en sc\u00e8ne exacerbe la trashitude color\u00e9e de l\u2019ensemble.\n<\/br><\/br>\nPoursuivons avec une sorte de thriller \u00e9rotique, le tr\u00e8s sulfureux <b id=\"red\">Vermillon<\/b> de <em id=\"red\">Daisuke Yamanouchi<\/em>. Ayano s\u2019ennuie ferme avec le mari qu\u2019elle a \u00e9t\u00e9 contrainte d\u2019\u00e9pouser et ne peut oublier Akemi, son crush durant ses ann\u00e9es d\u2019\u00e9cole. Cette derni\u00e8re r\u00e9apparait dans sa vie lorsque Ayano apprend qu\u2019Akemi va devenir\u2026 l\u2019\u00e9pouse de son p\u00e8re ! Ce film au sc\u00e9nario quelque peu tortueux multiplie les interruptions dans sa narration, ins\u00e9rant fr\u00e9quemment des s\u00e9quences tr\u00e8s chaudes \u00e0 l\u2019esth\u00e9tique \u00e0 la fois hyper coloris\u00e9e et l\u00e9ch\u00e9e (dans tous les sens du terme). La splendeur visuelle hors pair de l\u2019ensemble s\u2019accouple fort bien avec une histoire parsem\u00e9e d\u2019\u00e9l\u00e9ments machiav\u00e9liques. A savourer plus qu\u2019\u00e0 regarder !\n<\/br><\/br>\nQuant \u00e0 <b id=\"red\">Violator<\/b>, de <em id=\"red\">Jun\u2019ichi Yamamoto<\/em>, ce fut une v\u00e9ritable dinguerie, mais d\u2019un tout autre style que le m\u00e9trage pr\u00e9c\u00e9dent. Via un site internet, divers jeunes gens se donnent rendez-vous dans un village isol\u00e9, afin de se suicider collectivement. La protagoniste principale, quant \u00e0 elle, se rend \u00e9galement sur les lieux pour tenter de savoir ce qui est arriv\u00e9 \u00e0 sa petite soeur disparue. Le r\u00e9alisateur multiplie ici les s\u00e9quences violentes et sanglantes, mais sur un ton totalement d\u00e9cal\u00e9, en alternant le malsain et la d\u00e9bilit\u00e9 assum\u00e9e. Ce qui, par moments, confine au surr\u00e9alisme (la s\u00e9quence de fellation meurtri\u00e8re commise par une femme-d\u00e9mon sur un jeune homme puceau). Et niveau suspense, un twist final surprendra de nombreux spectateurs.\n<\/br><\/br>\nQuel titre juste que celui du film suivant, <b id=\"red\">Beaten to Death<\/b>, une pelloche australienne v\u00e9ritablement enrag\u00e9e ! Au beau milieu de la campagne tasmanienne, Jack est battu sans piti\u00e9 par une brute \u00e9paisse. Il parvient \u00e0 tuer son agresseur, mais tombe sur le fr\u00e8re de ce dernier dans une des rares baraques situ\u00e9es aux alentours. Au rythme d\u2019un sc\u00e9nario retors \u00e0 souhait, la violence va d\u00e8s lors continuer \u00e0 s\u2019acharner contre lui\u2026 et ce pendant tout le film ! Peu de personnes resteront indiff\u00e9rentes face au sort r\u00e9serv\u00e9 \u00e0 ce h\u00e9ros-martyr, qui ne cesse de tomber de Charybde en Scylla. Nous sommes plong\u00e9s dans un \u00ab survival \u00bb v\u00e9ritablement trash et d\u00e9rageant, bourr\u00e9 d\u2019ignominies vari\u00e9es. Et pourtant, impossible de d\u00e9crocher, tant la tension permanente nous tient en haleine.\n<\/br><\/br>\nJe ne puis malheureusement pas parler ici des trois films restants. J\u2019ai zapp\u00e9 <b id=\"red\">Dick Dynamite : 1944<\/b>, film am\u00e9ricain de Robbie Davidson, mettant en sc\u00e8ne sur un ton absurde et outrancier un antih\u00e9ros yankee massacreur de nazis durant la Seconde Guerre mondiale. J\u2019ai \u00ab zapp\u00e9 \u00bb aussi <b id=\"red\">Walking Woman<\/b> de <em id=\"red\">S\u00f4ichi Umezawa<\/em> : ici, par contre, je fus pr\u00e9sent dans la salle, mais une fatigue et un endormissement intense ont eu raison de mon attention disponible pour suivre la s\u00e9ance. Le rythme soutenu des projections \u2013 deux films le premier jour, puis quatre films par jour pour le weekend qui suivait \u2013 m\u2019a fait d\u00e9crocher de certains films. Idem, h\u00e9las, pour le film de cl\u00f4ture de <b id=\"red\">When You Wish Upon A Star<\/b> de <em id=\"red\">Katsumi Sasaki<\/em>, que j\u2019aurais vraiment voulu regarder dans des conditions optimales\u2026 Mais il faut dire que ce festival contenait de nombreuses p\u00e9pites, remplies de surprises et de d\u00e9couvertes fantastiques, toutes plus hors du commun les unes que les autres. Peu de festivals ont l\u2019audace de d\u00e9stabiliser aussi agr\u00e9ablement celles et ceux qui passeront par l\u00e0. R\u00e9jouissons-nous donc des futures \u00e9ditions de ce \u00ab Festival du Cin\u00e9ma Interdit \u00bb.\t\t\t\t\t\t<\/div>\n\t\t\t\t<\/div>\n\t\t\t\t\t<\/div>\n\t\t<\/div>\n\t\t\t\t\t<\/div>\n\t\t<\/section>\n\t\t\t\t<section class=\"elementor-section elementor-top-section elementor-element elementor-element-262dc0e elementor-section-boxed elementor-section-height-default elementor-section-height-default\" data-id=\"262dc0e\" data-element_type=\"section\">\n\t\t\t\t\t\t<div class=\"elementor-container elementor-column-gap-default\">\n\t\t\t\t\t<div class=\"elementor-column elementor-col-100 elementor-top-column elementor-element elementor-element-d3a1821\" data-id=\"d3a1821\" data-element_type=\"column\">\n\t\t\t<div class=\"elementor-widget-wrap elementor-element-populated\">\n\t\t\t\t\t\t<div class=\"elementor-element elementor-element-df3ddbb elementor-widget elementor-widget-html\" data-id=\"df3ddbb\" data-element_type=\"widget\" data-widget_type=\"html.default\">\n\t\t\t\t<div class=\"elementor-widget-container\">\n\t\t\t<div class=\"rectangleAuteur\">\r\n<img decoding=\"async\" class=\"imgqui1\" src=\"https:\/\/zupimages.net\/up\/23\/40\/7g5k.png\"\/>\r\n  <p class=\"titrequi2\">Julien Cescotto<\/p>\r\n  <div class=\"quibar\"><\/div>\r\n    <p class=\"pqui1\">\r\n     Passionn\u00e9 de cin\u00e9ma en g\u00e9n\u00e9ral et de p\u00e9loches marginales en particulier, ce cin\u00e9-maniaque (davantage que cin\u00e9phile) plonge souvent dans le subconscient du 7e art pour y fouiller les recoins les plus obscurs et les contr\u00e9es les plus lointaines. Il en ram\u00e8ne des objets filmiques totalement improbables ou peu identifiables par le commun des mortels, s\u00e9ries B \u00e0 Z ou films d'auteurs barr\u00e9s, dont il s'inspire \u00e9ventuellement pour ses propres sc\u00e9narios et r\u00e9alisations.\r\n     <\/br><\/br>\r\n    \r\n\r\n     <\/p>     <\/div>\t\t<\/div>\n\t\t\t\t<\/div>\n\t\t\t\t\t<\/div>\n\t\t<\/div>\n\t\t\t\t\t<\/div>\n\t\t<\/section>\n\t\t\t\t<section class=\"elementor-section elementor-top-section elementor-element elementor-element-4ce953a elementor-section-boxed elementor-section-height-default elementor-section-height-default\" data-id=\"4ce953a\" data-element_type=\"section\">\n\t\t\t\t\t\t<div class=\"elementor-container elementor-column-gap-default\">\n\t\t\t\t\t<div class=\"elementor-column elementor-col-100 elementor-top-column elementor-element elementor-element-97bd9d3\" data-id=\"97bd9d3\" data-element_type=\"column\">\n\t\t\t<div class=\"elementor-widget-wrap elementor-element-populated\">\n\t\t\t\t\t\t<div class=\"elementor-element elementor-element-e195ed2 elementor-widget elementor-widget-html\" data-id=\"e195ed2\" data-element_type=\"widget\" data-widget_type=\"html.default\">\n\t\t\t\t<div class=\"elementor-widget-container\">\n\t\t\t<a href=\"...\" style=\"font-size:60px;margin-right:400px;margin-left:300px;\">\u25c4<\/a><a href=\"https:\/\/www.mefamo.be\/MFMarts\/driller-killer\/\" style=\"font-size:60px\";>\u25ba<\/a>\t\t<\/div>\n\t\t\t\t<\/div>\n\t\t\t\t\t<\/div>\n\t\t<\/div>\n\t\t\t\t\t<\/div>\n\t\t<\/section>\n\t\t\t\t<\/div>\n\t\t","protected":false},"excerpt":{"rendered":"<p>Au cin\u00e9ma Aventure, \u00e0 Bruxelles, a eu lieu, du 6 au 8 septembre, l\u2019\u00e9dition bruxelloise&hellip;<\/p>\n","protected":false},"author":1,"featured_media":5854,"comment_status":"open","ping_status":"open","sticky":false,"template":"","format":"standard","meta":[],"categories":[58],"tags":[],"yoast_head":"<!-- This site is optimized with the Yoast SEO plugin v20.2.1 - https:\/\/yoast.com\/wordpress\/plugins\/seo\/ -->\n<title>Compte-rendu du Festival Cin\u00e9ma Interdit 2024, \u00e9dition bruxelloise - Mefamo<\/title>\n<meta name=\"robots\" content=\"index, follow, max-snippet:-1, max-image-preview:large, max-video-preview:-1\" \/>\n<link rel=\"canonical\" href=\"http:\/\/www.mefamo.be\/MFMarts\/compte-rendu-du-festival-cinema-interdit-2024-edition-bruxelloise\/\" \/>\n<meta property=\"og:locale\" content=\"fr_FR\" \/>\n<meta property=\"og:type\" content=\"article\" \/>\n<meta property=\"og:title\" content=\"Compte-rendu du Festival Cin\u00e9ma Interdit 2024, \u00e9dition bruxelloise - Mefamo\" \/>\n<meta property=\"og:description\" content=\"Au cin\u00e9ma Aventure, \u00e0 Bruxelles, a eu lieu, du 6 au 8 septembre, l\u2019\u00e9dition bruxelloise&hellip;\" \/>\n<meta property=\"og:url\" content=\"http:\/\/www.mefamo.be\/MFMarts\/compte-rendu-du-festival-cinema-interdit-2024-edition-bruxelloise\/\" \/>\n<meta property=\"og:site_name\" content=\"Mefamo\" \/>\n<meta property=\"article:published_time\" content=\"2024-10-22T18:16:04+00:00\" \/>\n<meta property=\"article:modified_time\" content=\"2025-01-13T11:49:56+00:00\" \/>\n<meta property=\"og:image\" content=\"http:\/\/www.mefamo.be\/MFMarts\/wp-content\/uploads\/2016\/03\/Cinema-Interdit-2024.png\" \/>\n\t<meta property=\"og:image:width\" content=\"3000\" \/>\n\t<meta property=\"og:image:height\" content=\"1300\" \/>\n\t<meta property=\"og:image:type\" content=\"image\/png\" \/>\n<meta name=\"author\" content=\"Christophe Mavroudis\" \/>\n<meta name=\"twitter:card\" content=\"summary_large_image\" \/>\n<meta name=\"twitter:label1\" content=\"\u00c9crit par\" \/>\n\t<meta name=\"twitter:data1\" content=\"Christophe Mavroudis\" \/>\n\t<meta name=\"twitter:label2\" content=\"Dur\u00e9e de lecture estim\u00e9e\" \/>\n\t<meta name=\"twitter:data2\" content=\"8 minutes\" \/>\n<script type=\"application\/ld+json\" class=\"yoast-schema-graph\">{\"@context\":\"https:\/\/schema.org\",\"@graph\":[{\"@type\":\"Article\",\"@id\":\"http:\/\/www.mefamo.be\/MFMarts\/compte-rendu-du-festival-cinema-interdit-2024-edition-bruxelloise\/#article\",\"isPartOf\":{\"@id\":\"http:\/\/www.mefamo.be\/MFMarts\/compte-rendu-du-festival-cinema-interdit-2024-edition-bruxelloise\/\"},\"author\":{\"name\":\"Christophe Mavroudis\",\"@id\":\"https:\/\/www.mefamo.be\/MFMarts\/#\/schema\/person\/6f6cc436e6664d0b19a98ed45185c77d\"},\"headline\":\"Compte-rendu du Festival Cin\u00e9ma Interdit 2024, \u00e9dition bruxelloise\",\"datePublished\":\"2024-10-22T18:16:04+00:00\",\"dateModified\":\"2025-01-13T11:49:56+00:00\",\"mainEntityOfPage\":{\"@id\":\"http:\/\/www.mefamo.be\/MFMarts\/compte-rendu-du-festival-cinema-interdit-2024-edition-bruxelloise\/\"},\"wordCount\":1549,\"commentCount\":0,\"publisher\":{\"@id\":\"https:\/\/www.mefamo.be\/MFMarts\/#organization\"},\"articleSection\":[\"Le Trou du Culte\"],\"inLanguage\":\"fr-FR\",\"potentialAction\":[{\"@type\":\"CommentAction\",\"name\":\"Comment\",\"target\":[\"http:\/\/www.mefamo.be\/MFMarts\/compte-rendu-du-festival-cinema-interdit-2024-edition-bruxelloise\/#respond\"]}]},{\"@type\":\"WebPage\",\"@id\":\"http:\/\/www.mefamo.be\/MFMarts\/compte-rendu-du-festival-cinema-interdit-2024-edition-bruxelloise\/\",\"url\":\"http:\/\/www.mefamo.be\/MFMarts\/compte-rendu-du-festival-cinema-interdit-2024-edition-bruxelloise\/\",\"name\":\"Compte-rendu du Festival Cin\u00e9ma Interdit 2024, \u00e9dition bruxelloise - Mefamo\",\"isPartOf\":{\"@id\":\"https:\/\/www.mefamo.be\/MFMarts\/#website\"},\"datePublished\":\"2024-10-22T18:16:04+00:00\",\"dateModified\":\"2025-01-13T11:49:56+00:00\",\"breadcrumb\":{\"@id\":\"http:\/\/www.mefamo.be\/MFMarts\/compte-rendu-du-festival-cinema-interdit-2024-edition-bruxelloise\/#breadcrumb\"},\"inLanguage\":\"fr-FR\",\"potentialAction\":[{\"@type\":\"ReadAction\",\"target\":[\"http:\/\/www.mefamo.be\/MFMarts\/compte-rendu-du-festival-cinema-interdit-2024-edition-bruxelloise\/\"]}]},{\"@type\":\"BreadcrumbList\",\"@id\":\"http:\/\/www.mefamo.be\/MFMarts\/compte-rendu-du-festival-cinema-interdit-2024-edition-bruxelloise\/#breadcrumb\",\"itemListElement\":[{\"@type\":\"ListItem\",\"position\":1,\"name\":\"Accueil\",\"item\":\"https:\/\/www.mefamo.be\/MFMarts\/\"},{\"@type\":\"ListItem\",\"position\":2,\"name\":\"Compte-rendu du Festival Cin\u00e9ma Interdit 2024, \u00e9dition bruxelloise\"}]},{\"@type\":\"WebSite\",\"@id\":\"https:\/\/www.mefamo.be\/MFMarts\/#website\",\"url\":\"https:\/\/www.mefamo.be\/MFMarts\/\",\"name\":\"Mefamo\",\"description\":\"L&#039;imaginaire en mouvement\",\"publisher\":{\"@id\":\"https:\/\/www.mefamo.be\/MFMarts\/#organization\"},\"potentialAction\":[{\"@type\":\"SearchAction\",\"target\":{\"@type\":\"EntryPoint\",\"urlTemplate\":\"https:\/\/www.mefamo.be\/MFMarts\/?s={search_term_string}\"},\"query-input\":\"required name=search_term_string\"}],\"inLanguage\":\"fr-FR\"},{\"@type\":\"Organization\",\"@id\":\"https:\/\/www.mefamo.be\/MFMarts\/#organization\",\"name\":\"Mefamo\",\"url\":\"https:\/\/www.mefamo.be\/MFMarts\/\",\"logo\":{\"@type\":\"ImageObject\",\"inLanguage\":\"fr-FR\",\"@id\":\"https:\/\/www.mefamo.be\/MFMarts\/#\/schema\/logo\/image\/\",\"url\":\"https:\/\/www.mefamo.be\/MFMarts\/wp-content\/uploads\/2016\/09\/Logo-Mefamo-e1474883034358.png\",\"contentUrl\":\"https:\/\/www.mefamo.be\/MFMarts\/wp-content\/uploads\/2016\/09\/Logo-Mefamo-e1474883034358.png\",\"width\":178,\"height\":50,\"caption\":\"Mefamo\"},\"image\":{\"@id\":\"https:\/\/www.mefamo.be\/MFMarts\/#\/schema\/logo\/image\/\"}},{\"@type\":\"Person\",\"@id\":\"https:\/\/www.mefamo.be\/MFMarts\/#\/schema\/person\/6f6cc436e6664d0b19a98ed45185c77d\",\"name\":\"Christophe Mavroudis\",\"image\":{\"@type\":\"ImageObject\",\"inLanguage\":\"fr-FR\",\"@id\":\"https:\/\/www.mefamo.be\/MFMarts\/#\/schema\/person\/image\/\",\"url\":\"http:\/\/www.mefamo.be\/MFMarts\/wp-content\/uploads\/2022\/06\/Presentation-Equipe-Site-2.png\",\"contentUrl\":\"http:\/\/www.mefamo.be\/MFMarts\/wp-content\/uploads\/2022\/06\/Presentation-Equipe-Site-2.png\",\"caption\":\"Christophe Mavroudis\"},\"description\":\"Dit \\\"Le Sp\u00e9cialiste\\\", on appelle Christophe lorsque \u00e7a chauffe vraiment. Arm\u00e9 de son exp\u00e9rience de monteur\/r\u00e9alisateur, son \u00e9rudition et sa passion pour le cin\u00e9ma de genre, il n'h\u00e9site pas \u00e0 fournir conseils et expertise pour l'aide au d\u00e9veloppement de projets de fiction. Il coordonne \u00e9galement la d\u00e9localisation li\u00e9geoise du Festival Offscreen et anime des conf\u00e9rences. Un couteau-suisse on vous dit.\",\"url\":\"#molongui-disabled-link\"}]}<\/script>\n<!-- \/ Yoast SEO plugin. -->","yoast_head_json":{"title":"Compte-rendu du Festival Cin\u00e9ma Interdit 2024, \u00e9dition bruxelloise - Mefamo","robots":{"index":"index","follow":"follow","max-snippet":"max-snippet:-1","max-image-preview":"max-image-preview:large","max-video-preview":"max-video-preview:-1"},"canonical":"http:\/\/www.mefamo.be\/MFMarts\/compte-rendu-du-festival-cinema-interdit-2024-edition-bruxelloise\/","og_locale":"fr_FR","og_type":"article","og_title":"Compte-rendu du Festival Cin\u00e9ma Interdit 2024, \u00e9dition bruxelloise - Mefamo","og_description":"Au cin\u00e9ma Aventure, \u00e0 Bruxelles, a eu lieu, du 6 au 8 septembre, l\u2019\u00e9dition bruxelloise&hellip;","og_url":"http:\/\/www.mefamo.be\/MFMarts\/compte-rendu-du-festival-cinema-interdit-2024-edition-bruxelloise\/","og_site_name":"Mefamo","article_published_time":"2024-10-22T18:16:04+00:00","article_modified_time":"2025-01-13T11:49:56+00:00","og_image":[{"width":3000,"height":1300,"url":"http:\/\/www.mefamo.be\/MFMarts\/wp-content\/uploads\/2016\/03\/Cinema-Interdit-2024.png","type":"image\/png"}],"author":"Christophe Mavroudis","twitter_card":"summary_large_image","twitter_misc":{"\u00c9crit par":"Christophe Mavroudis","Dur\u00e9e de lecture estim\u00e9e":"8 minutes"},"schema":{"@context":"https:\/\/schema.org","@graph":[{"@type":"Article","@id":"http:\/\/www.mefamo.be\/MFMarts\/compte-rendu-du-festival-cinema-interdit-2024-edition-bruxelloise\/#article","isPartOf":{"@id":"http:\/\/www.mefamo.be\/MFMarts\/compte-rendu-du-festival-cinema-interdit-2024-edition-bruxelloise\/"},"author":{"name":"Christophe Mavroudis","@id":"https:\/\/www.mefamo.be\/MFMarts\/#\/schema\/person\/6f6cc436e6664d0b19a98ed45185c77d"},"headline":"Compte-rendu du Festival Cin\u00e9ma Interdit 2024, \u00e9dition bruxelloise","datePublished":"2024-10-22T18:16:04+00:00","dateModified":"2025-01-13T11:49:56+00:00","mainEntityOfPage":{"@id":"http:\/\/www.mefamo.be\/MFMarts\/compte-rendu-du-festival-cinema-interdit-2024-edition-bruxelloise\/"},"wordCount":1549,"commentCount":0,"publisher":{"@id":"https:\/\/www.mefamo.be\/MFMarts\/#organization"},"articleSection":["Le Trou du Culte"],"inLanguage":"fr-FR","potentialAction":[{"@type":"CommentAction","name":"Comment","target":["http:\/\/www.mefamo.be\/MFMarts\/compte-rendu-du-festival-cinema-interdit-2024-edition-bruxelloise\/#respond"]}]},{"@type":"WebPage","@id":"http:\/\/www.mefamo.be\/MFMarts\/compte-rendu-du-festival-cinema-interdit-2024-edition-bruxelloise\/","url":"http:\/\/www.mefamo.be\/MFMarts\/compte-rendu-du-festival-cinema-interdit-2024-edition-bruxelloise\/","name":"Compte-rendu du Festival Cin\u00e9ma Interdit 2024, \u00e9dition bruxelloise - Mefamo","isPartOf":{"@id":"https:\/\/www.mefamo.be\/MFMarts\/#website"},"datePublished":"2024-10-22T18:16:04+00:00","dateModified":"2025-01-13T11:49:56+00:00","breadcrumb":{"@id":"http:\/\/www.mefamo.be\/MFMarts\/compte-rendu-du-festival-cinema-interdit-2024-edition-bruxelloise\/#breadcrumb"},"inLanguage":"fr-FR","potentialAction":[{"@type":"ReadAction","target":["http:\/\/www.mefamo.be\/MFMarts\/compte-rendu-du-festival-cinema-interdit-2024-edition-bruxelloise\/"]}]},{"@type":"BreadcrumbList","@id":"http:\/\/www.mefamo.be\/MFMarts\/compte-rendu-du-festival-cinema-interdit-2024-edition-bruxelloise\/#breadcrumb","itemListElement":[{"@type":"ListItem","position":1,"name":"Accueil","item":"https:\/\/www.mefamo.be\/MFMarts\/"},{"@type":"ListItem","position":2,"name":"Compte-rendu du Festival Cin\u00e9ma Interdit 2024, \u00e9dition bruxelloise"}]},{"@type":"WebSite","@id":"https:\/\/www.mefamo.be\/MFMarts\/#website","url":"https:\/\/www.mefamo.be\/MFMarts\/","name":"Mefamo","description":"L&#039;imaginaire en mouvement","publisher":{"@id":"https:\/\/www.mefamo.be\/MFMarts\/#organization"},"potentialAction":[{"@type":"SearchAction","target":{"@type":"EntryPoint","urlTemplate":"https:\/\/www.mefamo.be\/MFMarts\/?s={search_term_string}"},"query-input":"required name=search_term_string"}],"inLanguage":"fr-FR"},{"@type":"Organization","@id":"https:\/\/www.mefamo.be\/MFMarts\/#organization","name":"Mefamo","url":"https:\/\/www.mefamo.be\/MFMarts\/","logo":{"@type":"ImageObject","inLanguage":"fr-FR","@id":"https:\/\/www.mefamo.be\/MFMarts\/#\/schema\/logo\/image\/","url":"https:\/\/www.mefamo.be\/MFMarts\/wp-content\/uploads\/2016\/09\/Logo-Mefamo-e1474883034358.png","contentUrl":"https:\/\/www.mefamo.be\/MFMarts\/wp-content\/uploads\/2016\/09\/Logo-Mefamo-e1474883034358.png","width":178,"height":50,"caption":"Mefamo"},"image":{"@id":"https:\/\/www.mefamo.be\/MFMarts\/#\/schema\/logo\/image\/"}},{"@type":"Person","@id":"https:\/\/www.mefamo.be\/MFMarts\/#\/schema\/person\/6f6cc436e6664d0b19a98ed45185c77d","name":"Christophe Mavroudis","image":{"@type":"ImageObject","inLanguage":"fr-FR","@id":"https:\/\/www.mefamo.be\/MFMarts\/#\/schema\/person\/image\/","url":"http:\/\/www.mefamo.be\/MFMarts\/wp-content\/uploads\/2022\/06\/Presentation-Equipe-Site-2.png","contentUrl":"http:\/\/www.mefamo.be\/MFMarts\/wp-content\/uploads\/2022\/06\/Presentation-Equipe-Site-2.png","caption":"Christophe Mavroudis"},"description":"Dit \"Le Sp\u00e9cialiste\", on appelle Christophe lorsque \u00e7a chauffe vraiment. Arm\u00e9 de son exp\u00e9rience de monteur\/r\u00e9alisateur, son \u00e9rudition et sa passion pour le cin\u00e9ma de genre, il n'h\u00e9site pas \u00e0 fournir conseils et expertise pour l'aide au d\u00e9veloppement de projets de fiction. Il coordonne \u00e9galement la d\u00e9localisation li\u00e9geoise du Festival Offscreen et anime des conf\u00e9rences. Un couteau-suisse on vous dit.","url":"#molongui-disabled-link"}]}},"_links":{"self":[{"href":"https:\/\/www.mefamo.be\/MFMarts\/wp-json\/wp\/v2\/posts\/5796"}],"collection":[{"href":"https:\/\/www.mefamo.be\/MFMarts\/wp-json\/wp\/v2\/posts"}],"about":[{"href":"https:\/\/www.mefamo.be\/MFMarts\/wp-json\/wp\/v2\/types\/post"}],"author":[{"embeddable":true,"href":"https:\/\/www.mefamo.be\/MFMarts\/wp-json\/wp\/v2\/users\/1"}],"replies":[{"embeddable":true,"href":"https:\/\/www.mefamo.be\/MFMarts\/wp-json\/wp\/v2\/comments?post=5796"}],"version-history":[{"count":7,"href":"https:\/\/www.mefamo.be\/MFMarts\/wp-json\/wp\/v2\/posts\/5796\/revisions"}],"predecessor-version":[{"id":5912,"href":"https:\/\/www.mefamo.be\/MFMarts\/wp-json\/wp\/v2\/posts\/5796\/revisions\/5912"}],"wp:featuredmedia":[{"embeddable":true,"href":"https:\/\/www.mefamo.be\/MFMarts\/wp-json\/wp\/v2\/media\/5854"}],"wp:attachment":[{"href":"https:\/\/www.mefamo.be\/MFMarts\/wp-json\/wp\/v2\/media?parent=5796"}],"wp:term":[{"taxonomy":"category","embeddable":true,"href":"https:\/\/www.mefamo.be\/MFMarts\/wp-json\/wp\/v2\/categories?post=5796"},{"taxonomy":"post_tag","embeddable":true,"href":"https:\/\/www.mefamo.be\/MFMarts\/wp-json\/wp\/v2\/tags?post=5796"}],"curies":[{"name":"wp","href":"https:\/\/api.w.org\/{rel}","templated":true}]}}