{"id":5256,"date":"2018-03-05T15:36:51","date_gmt":"2018-03-05T14:36:51","guid":{"rendered":"http:\/\/www.mefamo.be\/MFMarts\/?p=5256"},"modified":"2025-01-13T12:32:24","modified_gmt":"2025-01-13T11:32:24","slug":"sang-frais","status":"publish","type":"post","link":"https:\/\/www.mefamo.be\/MFMarts\/sang-frais\/","title":{"rendered":"Sang frais!"},"content":{"rendered":"\t\t<div data-elementor-type=\"wp-post\" data-elementor-id=\"5256\" class=\"elementor elementor-5256\">\n\t\t\t\t\t\t<section class=\"elementor-section elementor-top-section elementor-element elementor-element-b6886f7 elementor-section-boxed elementor-section-height-default elementor-section-height-default\" data-id=\"b6886f7\" data-element_type=\"section\">\n\t\t\t\t\t\t<div class=\"elementor-container elementor-column-gap-default\">\n\t\t\t\t\t<div class=\"elementor-column elementor-col-100 elementor-top-column elementor-element elementor-element-c9102f5\" data-id=\"c9102f5\" data-element_type=\"column\">\n\t\t\t<div class=\"elementor-widget-wrap elementor-element-populated\">\n\t\t\t\t\t\t<div class=\"elementor-element elementor-element-71b5600 elementor-widget elementor-widget-text-editor\" data-id=\"71b5600\" data-element_type=\"widget\" data-widget_type=\"text-editor.default\">\n\t\t\t\t<div class=\"elementor-widget-container\">\n\t\t\t<style>\/*! elementor - v3.19.0 - 07-02-2024 *\/\n.elementor-widget-text-editor.elementor-drop-cap-view-stacked .elementor-drop-cap{background-color:#69727d;color:#fff}.elementor-widget-text-editor.elementor-drop-cap-view-framed .elementor-drop-cap{color:#69727d;border:3px solid;background-color:transparent}.elementor-widget-text-editor:not(.elementor-drop-cap-view-default) .elementor-drop-cap{margin-top:8px}.elementor-widget-text-editor:not(.elementor-drop-cap-view-default) .elementor-drop-cap-letter{width:1em;height:1em}.elementor-widget-text-editor .elementor-drop-cap{float:left;text-align:center;line-height:1;font-size:50px}.elementor-widget-text-editor .elementor-drop-cap-letter{display:inline-block}<\/style>\t\t\t\tUn dandy aux crocs pro\u00e9minents d\u00e9ambulant aux abords de ch\u00e2teaux embrum\u00e9s, une goutte de sang au coin des l\u00e8vres ; une silhouette \u00e0 la longue cape avide de gorges f\u00e9minines, un \u00eatre \u00e0 la peau p\u00e2le que quelques rayons de soleil suffisent \u00e0 consumer\u2026 L\u2019imagerie du vampire est tenace. Mais le mythe, aussi solide et populaire soit-il, ne peut survivre sans \u00eatre r\u00e9invent\u00e9.\n\nOn pourra arguer que le <em id=\"red\">Nosferatu<\/em> originel de <strong id=\"red\">F. W. Murnau<\/strong> (1922) avait un faci\u00e8s raccord avec la peste qu\u2019il communiquait \u00e0 son entourage. Si les traits de l\u2019acteur <strong id=\"red\">Max Schreck<\/strong> (dont le patronyme signifie \u00ab\u00a0Frayeur\u00a0\u00bb en allemand\u2026 Co\u00efncidence ?, ndlr) restent intimement associ\u00e9s au personnage du Comte Orlok. Le \u00ab\u00a0Nosferatu\u00a0\u00bb de Murnau est une adaptation du roman <em id=\"red\">Dracula<\/em> de <strong id=\"red\"> Bram Stoker<\/strong>, mais la production demandera au sc\u00e9nariste <strong id=\"red\">Henrik Galeen<\/strong> de changer les noms des personnages, ainsi que certains \u00e9l\u00e9ments narratifs, afin de ne pas payer de droits. Cela n\u2019emp\u00eachera pas la veuve du romancier de porter plainte, entra\u00eenant la faillite de la maison de production. (ndlr) Ce sont pourtant les allures alti\u00e8res de <strong id=\"red\">Bela Lugosi<\/strong> et <strong id=\"red\">Christopher Lee<\/strong> dans le r\u00f4le-titre de <em id=\"red\">Dracula<\/em>, respectivement chez <strong id=\"red\">Tod Browning<\/strong> en 1931 et chez <strong id=\"red\">Terence Fisher<\/strong> en 1968, qui continuent de d\u00e9finir aujourd\u2019hui les aspects fondamentaux de la cr\u00e9ature. Le fant\u00f4me de la nuit, qu\u2019il se nomme \u00ab\u00a0Dracula\u00a0\u00bb dans le roman \u00e9ponyme de Bram Stocker, ou Lestat dans les <em id=\"red\">Chroniques des vampires<\/em> d\u2019<strong id=\"red\">Anne Rice<\/strong>, est tr\u00e8s vite devenu le plus glamour des grands monstres classiques, au point que sa descendance prolifique fasse parfois de cet \u00e9l\u00e9ment sa caract\u00e9ristique majeure, au d\u00e9triment de son potentiel subversif ou purement mythologique (que le soleil fasse briller les \u00e9ph\u00e8bes de \u00ab\u00a0Twilight\u00a0\u00bb au lieu de les r\u00f4tir est tr\u00e8s r\u00e9v\u00e9lateur).\n\nAborder le mythe du vampire est presque un passage oblig\u00e9 pour chaque cin\u00e9aste \u00e9voluant dans le genre fantastique. Mais l\u2019esth\u00e9tique qui le caract\u00e9rise, par ailleurs tellement enracin\u00e9e qu\u2019elle a g\u00e9n\u00e9r\u00e9 toute une sous-culture \u00e0 elle seule, n\u2019en reste pas moins limitative. On peut constater, peut-\u00eatre paradoxalement, que les plus grands ma\u00eetres modernes ayant tent\u00e9 l\u2019exercice se sont ing\u00e9ni\u00e9s \u00e0 en d\u00e9tourner les codes, \u00e0 les transposer dans d\u2019autres environnements ou \u00e0 en r\u00e9interpr\u00e9ter les motifs. Le vampire rencontre ainsi le western (<em id=\"red\">Aux fronti\u00e8res de l\u2019aube<\/em> de <strong id=\"red\">Kathryn Bigelow<\/strong> en 1987, <em id=\"red\">Sundown: The Vampire in Retreat<\/em> d\u2019<strong id=\"red\">Anthony Hickox<\/strong> en 1989, ou le jouissif <em id=\"red\">Vampires<\/em> de <strong id=\"red\">John Carpenter<\/strong> en 1998), d\u00e9cha\u00eene son potentiel visuel en se mariant au\u00a0comic-book\u00a0(la saga des \u00ab\u00a0Blade\u00a0\u00bb d\u00e9but\u00e9e en 1998), troque les Carpates ou l\u2019Europe du pass\u00e9 contre un tissu urbain o\u00f9 sa soif de sang devient m\u00e9taphore de l\u2019addiction la plus f\u00e9roce (<em id=\"red\">Rage<\/em> de <strong id=\"red\">David Cronenberg<\/strong> en 1977, <em id=\"red\">The Addiction<\/em> d\u2019<strong id=\"red\">Abel Ferrara<\/strong> en 1995)\u2026\n\nImpossible d\u2019\u00eatre exhaustif en la mati\u00e8re, on pr\u00e9f\u00e9rera donc se pencher sur deux cas particuliers, qui parviennent \u00e0 la fois \u00e0 repenser le monstre, tout en lui restant fondamentalement fid\u00e8le\u2026\n\n&nbsp;\n<h4 id=\"red\"><em id=\"red\">MARTIN<\/em> (George Romero \u2013 \u00c9tats-Unis, 1978)<\/h4>\nLorsque l\u2019on a donn\u00e9 au cin\u00e9ma fantastique son mai \u201968 avec <em id=\"red\">La Nuit des Morts-Vivants<\/em>, il parait difficile d\u2019\u00eatre d\u00e9f\u00e9rent au genre. Avec <em id=\"red\">Martin<\/em>, <strong id=\"red\">George Romero<\/strong> marche sur la corde raide : poser un regard post-moderne sur le mythe du vampire, sans pour autant le d\u00e9vitaliser n\u2019est pas une mince affaire. Les cimeti\u00e8res brumeux, les cath\u00e9drales gothiques, les demoiselles courant en chemise de nuit dans de larges cages d\u2019escalier\u2026 aucune des images d\u2019\u00c9pinal ne manquent. Mais elles apparaissent dans le noir et blanc granuleux de la m\u00e9moire de Martin, jeune homme d\u2019une vingtaine d\u2019ann\u00e9es en apparence, mais pr\u00e9tendant en avoir 84. Pourtant, Martin ne se d\u00e9finit pas comme vampire. \u00ab\u00a0La magie n\u2019existe pas\u00a0\u00bb, r\u00e9p\u00e8te-t-il \u00e0 son vieux cousin, croyant fervent et conservateur de la pire engeance l\u2019ayant recueilli pour sauver son \u00e2me\u2026 avant de d\u00e9truire son corps. Martin a-t-il \u00e9t\u00e9 rendu fou par une famille obscurantiste voyant en lui un d\u00e9mon, au point qu\u2019il ait fait des accusations dont on le harc\u00e8le ses souvenirs d\u2019un pass\u00e9 lointain ? Est-il un d\u00e9traqu\u00e9 sexuel, dont les pulsions s\u2019expriment par le meurtre ? Ou est-il vraiment un \u00eatre \u00e0 part, victime d\u2019une soif d\u00e9mesur\u00e9e le conduisant \u00e0 orchestrer diff\u00e9rents crimes ? Romero ne tranche pas, il pr\u00e9f\u00e8re l\u2019ambigu\u00eft\u00e9. M\u00eame l\u2019image tr\u00e8s caract\u00e9ristique des films dits \u00ab\u00a0ind\u00e9pendants\u00a0\u00bb, cons\u00e9quente \u00e0 un tournage d\u00e9sargent\u00e9 en \u00e9quipe hyper r\u00e9duite qui laissera \u00e0 Romero tout la latitude artistique voulue, ne rejette pas les clich\u00e9s : elle les absorbe, elle les reforme. Les arches des ch\u00e2teaux gothiques sont remplac\u00e9es par des plans adroitement compos\u00e9s de l\u2019architecture industrielle de Pittsburgh. D\u00e9construction de la l\u00e9gende des suceurs de sang, \u00ab\u00a0Martin\u00a0\u00bb aurait pu \u00eatre un \u00ab\u00a0Scream\u00a0\u00bb avant la date, un clou dans le cercueil du genre qu\u2019il d\u00e9tourne ; bien au contraire, il le r\u00e9g\u00e9n\u00e8re, fort d\u2019un r\u00e9alisme po\u00e9tique \u00e9trange qui en fait le film favori de son auteur, et peut-\u00eatre son meilleur film tout court.\n\n&nbsp;\n<h4 id=\"red\"><em id=\"red\">CRONOS <\/em>(Guillermo del Toro\u00a0\u2013 Mexique, 1993)<\/h4>\nDe r\u00e9appropriation, il est \u00e9galement question avec le <em id=\"red\">Cronos<\/em> de <strong id=\"red\">Guillermo del Toro<\/strong> (qui vient de rafler une tripot\u00e9e d\u2019Oscars bien m\u00e9rit\u00e9s avec son r\u00e9cent <em id=\"red\">La Forme de l\u2019Eau<\/em>, ndlr). Le film est \u00e9galement la premi\u00e8re porte ouverte sur l\u2019univers de son auteur, si pas sa cartographie. Le m\u00e9canisme nomm\u00e9 Cronos est le r\u00e9sultat du travail d\u2019un alchimiste de g\u00e9nie, que Jes\u00fas Gris, un vieil antiquaire h\u00e9bergeant sa petite-fille, d\u00e9couvre par accident dans une statue en vente dans ses \u00e9talages. Le m\u00e9canisme plante en lui un dard, porteur d\u2019une substance r\u00e9colt\u00e9e sur un insecte \u00e9trange scell\u00e9 dans l\u2019objet. Dans un premier temps, Jes\u00fas se d\u00e9couvre une \u00e9nergie nouvelle, une seconde jeunesse\u2026 Mais les effets secondaires ne tardent pas \u00e0 appara\u00eetre. Sa peau semble muer, le sang l\u2019attire au point qu\u2019il lape, mis\u00e9rable, une flaque d\u2019h\u00e9moglobine sur le sol\u2026 Le mot en V ne sera jamais prononc\u00e9, mais tous les sympt\u00f4mes convergent.\n\nDes m\u00e9canismes d\u2019horlogerie aux confrontations de couleurs chaude\/froide, en passant par le lien fort \u00e9tabli entre une enfant et l\u2019adulte qui en a la charge, il est ais\u00e9 de reconna\u00eetre la patte du r\u00e9alisateur, brute et belle, mais sans le raffinement qu\u2019autoriseront les budgets cons\u00e9quents \u00e0 venir. Le casting est \u00e0 l\u2019avenant : interpr\u00e8te de Jes\u00fas, <strong id=\"red\">Federico Luppi<\/strong>, reviendra \u00e0 deux reprises chez le cin\u00e9aste, d\u2019abord dans <em id=\"red\">L\u2019\u00e9chine du Diable<\/em> en 2001, puis dans <em id=\"red\">Le Labyrinthe de Pan<\/em> en 2006, o\u00f9 il incarne le roi du monde f\u00e9\u00e9rique que la jeune h\u00e9ro\u00efne veut rejoindre.\nDans le r\u00f4le du brutal Angel, somm\u00e9 par son oncle Dieter De la Guardia d\u2019arracher le Cronos \u00e0 l\u2019antiquaire, Ron Perlman fait son entr\u00e9e dans le monde de del Toro, qu\u2019il honorera en particulier dans ses prestations notables de <em id=\"red\">Hellboy<\/em>. M\u00eame la silhouette de De la Guardia n\u2019est pas sans \u00e9voquer Damaskinos, vampire malade de <em id=\"red\">Blade II<\/em>, second apport du r\u00e9alisateur au mythe, plus tonitruant celui-l\u00e0. Il y a quelque chose de s\u00e9minal dans \u00ab\u00a0Cronos\u00a0\u00bb, de par le jeu sur les l\u00e9gendes et mythologies (au cas o\u00f9 le nom des protagonistes ne vous auraient pas mis sur la piste\u2026), sa mise en image, son amour du m\u00e9lange des genres, sa fa\u00e7on de confronter, puis d\u2019associer r\u00e9alit\u00e9 et imaginaire : \u00eatre un vampire sans l\u2019\u00eatre. On sait que \u00ab\u00a0Cronos\u00a0\u00bb aurait pu d\u00e9truire Guillermo del Toro, puisque le r\u00e9alisateur a hypoth\u00e9qu\u00e9 sa maison pour les besoins du film et s\u2019est retrouv\u00e9 au bord de la ruine ; il en a au contraire fait un cin\u00e9aste, dont la fid\u00e9lit\u00e9 \u00e0 son univers personnel n\u2019est pas le moindre des m\u00e9rites.\t\t\t\t\t\t<\/div>\n\t\t\t\t<\/div>\n\t\t\t\t\t<\/div>\n\t\t<\/div>\n\t\t\t\t\t<\/div>\n\t\t<\/section>\n\t\t\t\t<section class=\"elementor-section elementor-top-section elementor-element elementor-element-c73517c elementor-section-boxed elementor-section-height-default elementor-section-height-default\" data-id=\"c73517c\" data-element_type=\"section\">\n\t\t\t\t\t\t<div class=\"elementor-container elementor-column-gap-default\">\n\t\t\t\t\t<div class=\"elementor-column elementor-col-100 elementor-top-column elementor-element elementor-element-7bd7acf\" data-id=\"7bd7acf\" data-element_type=\"column\">\n\t\t\t<div class=\"elementor-widget-wrap elementor-element-populated\">\n\t\t\t\t\t\t<div class=\"elementor-element elementor-element-8d10d7c elementor-widget elementor-widget-html\" data-id=\"8d10d7c\" data-element_type=\"widget\" data-widget_type=\"html.default\">\n\t\t\t\t<div class=\"elementor-widget-container\">\n\t\t\t<div class=\"rectangleAuteur\">\r\n<img decoding=\"async\" class=\"imgqui1\" src=\"https:\/\/zupimages.net\/up\/23\/14\/anby.png\"\/>\r\n  <p class=\"titrequi2\">Christophe Mavroudis<\/p>\r\n  <div class=\"quibar\"><\/div>\r\n    <p class=\"pqui1\">\r\n       Dit \"Le Sp\u00e9cialiste\", on appelle Christophe lorsque \u00e7a chauffe vraiment. Arm\u00e9 de son exp\u00e9rience de monteur\/r\u00e9alisateur, son \u00e9rudition et sa passion pour le cin\u00e9ma de genre, il n'h\u00e9site pas \u00e0 fournir conseils et expertise pour l'aide au d\u00e9veloppement de projets de fiction. Il coordonne \u00e9galement la d\u00e9localisation li\u00e9geoise du Festival Offscreen et anime des conf\u00e9rences. Un couteau-suisse on vous dit. <\/br><a href=\"mailto:christophe@mefamo.be\">Contactez-le !<\/a>\r\n     <\/p>\r\n     <\/div>\r\n\t\t<\/div>\n\t\t\t\t<\/div>\n\t\t\t\t\t<\/div>\n\t\t<\/div>\n\t\t\t\t\t<\/div>\n\t\t<\/section>\n\t\t\t\t<section class=\"elementor-section elementor-top-section elementor-element elementor-element-8f395b1 elementor-section-boxed elementor-section-height-default elementor-section-height-default\" data-id=\"8f395b1\" data-element_type=\"section\">\n\t\t\t\t\t\t<div class=\"elementor-container elementor-column-gap-default\">\n\t\t\t\t\t<div class=\"elementor-column elementor-col-100 elementor-top-column elementor-element elementor-element-671604c\" data-id=\"671604c\" data-element_type=\"column\">\n\t\t\t<div class=\"elementor-widget-wrap elementor-element-populated\">\n\t\t\t\t\t\t<div class=\"elementor-element elementor-element-e5dc341 elementor-widget elementor-widget-html\" data-id=\"e5dc341\" data-element_type=\"widget\" data-widget_type=\"html.default\">\n\t\t\t\t<div class=\"elementor-widget-container\">\n\t\t\t<a href=\"https:\/\/www.mefamo.be\/MFMarts\/quand-litalie-se-donne-un-genre\/\" style=\"font-size:60px;margin-right:400px;margin-left:300px;\">\u25c4<\/a><a href=\"https:\/\/www.mefamo.be\/MFMarts\/lamerique-divisee\/\" style=\"font-size:60px\";>\u25ba<\/a>\t\t<\/div>\n\t\t\t\t<\/div>\n\t\t\t\t\t<\/div>\n\t\t<\/div>\n\t\t\t\t\t<\/div>\n\t\t<\/section>\n\t\t\t\t<\/div>\n\t\t","protected":false},"excerpt":{"rendered":"<p>Un dandy aux crocs pro\u00e9minents d\u00e9ambulant aux abords de ch\u00e2teaux embrum\u00e9s, une goutte de sang&hellip;<\/p>\n","protected":false},"author":1,"featured_media":5835,"comment_status":"open","ping_status":"open","sticky":false,"template":"","format":"standard","meta":[],"categories":[61],"tags":[],"yoast_head":"<!-- This site is optimized with the Yoast SEO plugin v20.2.1 - https:\/\/yoast.com\/wordpress\/plugins\/seo\/ -->\n<title>Sang frais! - Mefamo<\/title>\n<meta name=\"robots\" content=\"index, follow, max-snippet:-1, max-image-preview:large, max-video-preview:-1\" \/>\n<link rel=\"canonical\" href=\"https:\/\/www.mefamo.be\/MFMarts\/sang-frais\/\" \/>\n<meta property=\"og:locale\" content=\"fr_FR\" \/>\n<meta property=\"og:type\" content=\"article\" \/>\n<meta property=\"og:title\" content=\"Sang frais! - Mefamo\" \/>\n<meta property=\"og:description\" content=\"Un dandy aux crocs pro\u00e9minents d\u00e9ambulant aux abords de ch\u00e2teaux embrum\u00e9s, une goutte de sang&hellip;\" \/>\n<meta property=\"og:url\" content=\"https:\/\/www.mefamo.be\/MFMarts\/sang-frais\/\" \/>\n<meta property=\"og:site_name\" content=\"Mefamo\" \/>\n<meta property=\"article:published_time\" content=\"2018-03-05T14:36:51+00:00\" \/>\n<meta property=\"article:modified_time\" content=\"2025-01-13T11:32:24+00:00\" \/>\n<meta property=\"og:image\" content=\"https:\/\/www.mefamo.be\/MFMarts\/wp-content\/uploads\/2016\/03\/Sang-Frais-.png\" \/>\n\t<meta property=\"og:image:width\" content=\"3000\" \/>\n\t<meta property=\"og:image:height\" content=\"1300\" \/>\n\t<meta property=\"og:image:type\" content=\"image\/png\" \/>\n<meta name=\"author\" content=\"Christophe Mavroudis\" \/>\n<meta name=\"twitter:card\" content=\"summary_large_image\" \/>\n<meta name=\"twitter:label1\" content=\"\u00c9crit par\" \/>\n\t<meta name=\"twitter:data1\" content=\"Christophe Mavroudis\" \/>\n\t<meta name=\"twitter:label2\" content=\"Dur\u00e9e de lecture estim\u00e9e\" \/>\n\t<meta name=\"twitter:data2\" content=\"7 minutes\" \/>\n<script type=\"application\/ld+json\" class=\"yoast-schema-graph\">{\"@context\":\"https:\/\/schema.org\",\"@graph\":[{\"@type\":\"Article\",\"@id\":\"https:\/\/www.mefamo.be\/MFMarts\/sang-frais\/#article\",\"isPartOf\":{\"@id\":\"https:\/\/www.mefamo.be\/MFMarts\/sang-frais\/\"},\"author\":{\"name\":\"Christophe Mavroudis\",\"@id\":\"https:\/\/www.mefamo.be\/MFMarts\/#\/schema\/person\/6f6cc436e6664d0b19a98ed45185c77d\"},\"headline\":\"Sang frais!\",\"datePublished\":\"2018-03-05T14:36:51+00:00\",\"dateModified\":\"2025-01-13T11:32:24+00:00\",\"mainEntityOfPage\":{\"@id\":\"https:\/\/www.mefamo.be\/MFMarts\/sang-frais\/\"},\"wordCount\":1476,\"commentCount\":0,\"publisher\":{\"@id\":\"https:\/\/www.mefamo.be\/MFMarts\/#organization\"},\"articleSection\":[\"Offscreen Li\u00e8ge\"],\"inLanguage\":\"fr-FR\",\"potentialAction\":[{\"@type\":\"CommentAction\",\"name\":\"Comment\",\"target\":[\"https:\/\/www.mefamo.be\/MFMarts\/sang-frais\/#respond\"]}]},{\"@type\":\"WebPage\",\"@id\":\"https:\/\/www.mefamo.be\/MFMarts\/sang-frais\/\",\"url\":\"https:\/\/www.mefamo.be\/MFMarts\/sang-frais\/\",\"name\":\"Sang frais! - Mefamo\",\"isPartOf\":{\"@id\":\"https:\/\/www.mefamo.be\/MFMarts\/#website\"},\"datePublished\":\"2018-03-05T14:36:51+00:00\",\"dateModified\":\"2025-01-13T11:32:24+00:00\",\"breadcrumb\":{\"@id\":\"https:\/\/www.mefamo.be\/MFMarts\/sang-frais\/#breadcrumb\"},\"inLanguage\":\"fr-FR\",\"potentialAction\":[{\"@type\":\"ReadAction\",\"target\":[\"https:\/\/www.mefamo.be\/MFMarts\/sang-frais\/\"]}]},{\"@type\":\"BreadcrumbList\",\"@id\":\"https:\/\/www.mefamo.be\/MFMarts\/sang-frais\/#breadcrumb\",\"itemListElement\":[{\"@type\":\"ListItem\",\"position\":1,\"name\":\"Accueil\",\"item\":\"https:\/\/www.mefamo.be\/MFMarts\/\"},{\"@type\":\"ListItem\",\"position\":2,\"name\":\"Sang frais!\"}]},{\"@type\":\"WebSite\",\"@id\":\"https:\/\/www.mefamo.be\/MFMarts\/#website\",\"url\":\"https:\/\/www.mefamo.be\/MFMarts\/\",\"name\":\"Mefamo\",\"description\":\"L&#039;imaginaire en mouvement\",\"publisher\":{\"@id\":\"https:\/\/www.mefamo.be\/MFMarts\/#organization\"},\"potentialAction\":[{\"@type\":\"SearchAction\",\"target\":{\"@type\":\"EntryPoint\",\"urlTemplate\":\"https:\/\/www.mefamo.be\/MFMarts\/?s={search_term_string}\"},\"query-input\":\"required name=search_term_string\"}],\"inLanguage\":\"fr-FR\"},{\"@type\":\"Organization\",\"@id\":\"https:\/\/www.mefamo.be\/MFMarts\/#organization\",\"name\":\"Mefamo\",\"url\":\"https:\/\/www.mefamo.be\/MFMarts\/\",\"logo\":{\"@type\":\"ImageObject\",\"inLanguage\":\"fr-FR\",\"@id\":\"https:\/\/www.mefamo.be\/MFMarts\/#\/schema\/logo\/image\/\",\"url\":\"https:\/\/www.mefamo.be\/MFMarts\/wp-content\/uploads\/2016\/09\/Logo-Mefamo-e1474883034358.png\",\"contentUrl\":\"https:\/\/www.mefamo.be\/MFMarts\/wp-content\/uploads\/2016\/09\/Logo-Mefamo-e1474883034358.png\",\"width\":178,\"height\":50,\"caption\":\"Mefamo\"},\"image\":{\"@id\":\"https:\/\/www.mefamo.be\/MFMarts\/#\/schema\/logo\/image\/\"}},{\"@type\":\"Person\",\"@id\":\"https:\/\/www.mefamo.be\/MFMarts\/#\/schema\/person\/6f6cc436e6664d0b19a98ed45185c77d\",\"name\":\"Christophe Mavroudis\",\"image\":{\"@type\":\"ImageObject\",\"inLanguage\":\"fr-FR\",\"@id\":\"https:\/\/www.mefamo.be\/MFMarts\/#\/schema\/person\/image\/\",\"url\":\"http:\/\/www.mefamo.be\/MFMarts\/wp-content\/uploads\/2022\/06\/Presentation-Equipe-Site-2.png\",\"contentUrl\":\"http:\/\/www.mefamo.be\/MFMarts\/wp-content\/uploads\/2022\/06\/Presentation-Equipe-Site-2.png\",\"caption\":\"Christophe Mavroudis\"},\"description\":\"Dit \\\"Le Sp\u00e9cialiste\\\", on appelle Christophe lorsque \u00e7a chauffe vraiment. Arm\u00e9 de son exp\u00e9rience de monteur\/r\u00e9alisateur, son \u00e9rudition et sa passion pour le cin\u00e9ma de genre, il n'h\u00e9site pas \u00e0 fournir conseils et expertise pour l'aide au d\u00e9veloppement de projets de fiction. Il coordonne \u00e9galement la d\u00e9localisation li\u00e9geoise du Festival Offscreen et anime des conf\u00e9rences. Un couteau-suisse on vous dit.\",\"url\":\"https:\/\/www.mefamo.be\/MFMarts\/author\/mfmarts\/\"}]}<\/script>\n<!-- \/ Yoast SEO plugin. -->","yoast_head_json":{"title":"Sang frais! - Mefamo","robots":{"index":"index","follow":"follow","max-snippet":"max-snippet:-1","max-image-preview":"max-image-preview:large","max-video-preview":"max-video-preview:-1"},"canonical":"https:\/\/www.mefamo.be\/MFMarts\/sang-frais\/","og_locale":"fr_FR","og_type":"article","og_title":"Sang frais! - Mefamo","og_description":"Un dandy aux crocs pro\u00e9minents d\u00e9ambulant aux abords de ch\u00e2teaux embrum\u00e9s, une goutte de sang&hellip;","og_url":"https:\/\/www.mefamo.be\/MFMarts\/sang-frais\/","og_site_name":"Mefamo","article_published_time":"2018-03-05T14:36:51+00:00","article_modified_time":"2025-01-13T11:32:24+00:00","og_image":[{"width":3000,"height":1300,"url":"https:\/\/www.mefamo.be\/MFMarts\/wp-content\/uploads\/2016\/03\/Sang-Frais-.png","type":"image\/png"}],"author":"Christophe Mavroudis","twitter_card":"summary_large_image","twitter_misc":{"\u00c9crit par":"Christophe Mavroudis","Dur\u00e9e de lecture estim\u00e9e":"7 minutes"},"schema":{"@context":"https:\/\/schema.org","@graph":[{"@type":"Article","@id":"https:\/\/www.mefamo.be\/MFMarts\/sang-frais\/#article","isPartOf":{"@id":"https:\/\/www.mefamo.be\/MFMarts\/sang-frais\/"},"author":{"name":"Christophe Mavroudis","@id":"https:\/\/www.mefamo.be\/MFMarts\/#\/schema\/person\/6f6cc436e6664d0b19a98ed45185c77d"},"headline":"Sang frais!","datePublished":"2018-03-05T14:36:51+00:00","dateModified":"2025-01-13T11:32:24+00:00","mainEntityOfPage":{"@id":"https:\/\/www.mefamo.be\/MFMarts\/sang-frais\/"},"wordCount":1476,"commentCount":0,"publisher":{"@id":"https:\/\/www.mefamo.be\/MFMarts\/#organization"},"articleSection":["Offscreen Li\u00e8ge"],"inLanguage":"fr-FR","potentialAction":[{"@type":"CommentAction","name":"Comment","target":["https:\/\/www.mefamo.be\/MFMarts\/sang-frais\/#respond"]}]},{"@type":"WebPage","@id":"https:\/\/www.mefamo.be\/MFMarts\/sang-frais\/","url":"https:\/\/www.mefamo.be\/MFMarts\/sang-frais\/","name":"Sang frais! - Mefamo","isPartOf":{"@id":"https:\/\/www.mefamo.be\/MFMarts\/#website"},"datePublished":"2018-03-05T14:36:51+00:00","dateModified":"2025-01-13T11:32:24+00:00","breadcrumb":{"@id":"https:\/\/www.mefamo.be\/MFMarts\/sang-frais\/#breadcrumb"},"inLanguage":"fr-FR","potentialAction":[{"@type":"ReadAction","target":["https:\/\/www.mefamo.be\/MFMarts\/sang-frais\/"]}]},{"@type":"BreadcrumbList","@id":"https:\/\/www.mefamo.be\/MFMarts\/sang-frais\/#breadcrumb","itemListElement":[{"@type":"ListItem","position":1,"name":"Accueil","item":"https:\/\/www.mefamo.be\/MFMarts\/"},{"@type":"ListItem","position":2,"name":"Sang frais!"}]},{"@type":"WebSite","@id":"https:\/\/www.mefamo.be\/MFMarts\/#website","url":"https:\/\/www.mefamo.be\/MFMarts\/","name":"Mefamo","description":"L&#039;imaginaire en mouvement","publisher":{"@id":"https:\/\/www.mefamo.be\/MFMarts\/#organization"},"potentialAction":[{"@type":"SearchAction","target":{"@type":"EntryPoint","urlTemplate":"https:\/\/www.mefamo.be\/MFMarts\/?s={search_term_string}"},"query-input":"required name=search_term_string"}],"inLanguage":"fr-FR"},{"@type":"Organization","@id":"https:\/\/www.mefamo.be\/MFMarts\/#organization","name":"Mefamo","url":"https:\/\/www.mefamo.be\/MFMarts\/","logo":{"@type":"ImageObject","inLanguage":"fr-FR","@id":"https:\/\/www.mefamo.be\/MFMarts\/#\/schema\/logo\/image\/","url":"https:\/\/www.mefamo.be\/MFMarts\/wp-content\/uploads\/2016\/09\/Logo-Mefamo-e1474883034358.png","contentUrl":"https:\/\/www.mefamo.be\/MFMarts\/wp-content\/uploads\/2016\/09\/Logo-Mefamo-e1474883034358.png","width":178,"height":50,"caption":"Mefamo"},"image":{"@id":"https:\/\/www.mefamo.be\/MFMarts\/#\/schema\/logo\/image\/"}},{"@type":"Person","@id":"https:\/\/www.mefamo.be\/MFMarts\/#\/schema\/person\/6f6cc436e6664d0b19a98ed45185c77d","name":"Christophe Mavroudis","image":{"@type":"ImageObject","inLanguage":"fr-FR","@id":"https:\/\/www.mefamo.be\/MFMarts\/#\/schema\/person\/image\/","url":"http:\/\/www.mefamo.be\/MFMarts\/wp-content\/uploads\/2022\/06\/Presentation-Equipe-Site-2.png","contentUrl":"http:\/\/www.mefamo.be\/MFMarts\/wp-content\/uploads\/2022\/06\/Presentation-Equipe-Site-2.png","caption":"Christophe Mavroudis"},"description":"Dit \"Le Sp\u00e9cialiste\", on appelle Christophe lorsque \u00e7a chauffe vraiment. Arm\u00e9 de son exp\u00e9rience de monteur\/r\u00e9alisateur, son \u00e9rudition et sa passion pour le cin\u00e9ma de genre, il n'h\u00e9site pas \u00e0 fournir conseils et expertise pour l'aide au d\u00e9veloppement de projets de fiction. Il coordonne \u00e9galement la d\u00e9localisation li\u00e9geoise du Festival Offscreen et anime des conf\u00e9rences. Un couteau-suisse on vous dit.","url":"https:\/\/www.mefamo.be\/MFMarts\/author\/mfmarts\/"}]}},"_links":{"self":[{"href":"https:\/\/www.mefamo.be\/MFMarts\/wp-json\/wp\/v2\/posts\/5256"}],"collection":[{"href":"https:\/\/www.mefamo.be\/MFMarts\/wp-json\/wp\/v2\/posts"}],"about":[{"href":"https:\/\/www.mefamo.be\/MFMarts\/wp-json\/wp\/v2\/types\/post"}],"author":[{"embeddable":true,"href":"https:\/\/www.mefamo.be\/MFMarts\/wp-json\/wp\/v2\/users\/1"}],"replies":[{"embeddable":true,"href":"https:\/\/www.mefamo.be\/MFMarts\/wp-json\/wp\/v2\/comments?post=5256"}],"version-history":[{"count":16,"href":"https:\/\/www.mefamo.be\/MFMarts\/wp-json\/wp\/v2\/posts\/5256\/revisions"}],"predecessor-version":[{"id":5862,"href":"https:\/\/www.mefamo.be\/MFMarts\/wp-json\/wp\/v2\/posts\/5256\/revisions\/5862"}],"wp:featuredmedia":[{"embeddable":true,"href":"https:\/\/www.mefamo.be\/MFMarts\/wp-json\/wp\/v2\/media\/5835"}],"wp:attachment":[{"href":"https:\/\/www.mefamo.be\/MFMarts\/wp-json\/wp\/v2\/media?parent=5256"}],"wp:term":[{"taxonomy":"category","embeddable":true,"href":"https:\/\/www.mefamo.be\/MFMarts\/wp-json\/wp\/v2\/categories?post=5256"},{"taxonomy":"post_tag","embeddable":true,"href":"https:\/\/www.mefamo.be\/MFMarts\/wp-json\/wp\/v2\/tags?post=5256"}],"curies":[{"name":"wp","href":"https:\/\/api.w.org\/{rel}","templated":true}]}}