{"id":4349,"date":"2023-03-31T19:43:29","date_gmt":"2023-03-31T18:43:29","guid":{"rendered":"https:\/\/www.mefamo.be\/MFMarts\/?p=4349"},"modified":"2025-01-13T12:40:41","modified_gmt":"2025-01-13T11:40:41","slug":"metropolis","status":"publish","type":"post","link":"https:\/\/www.mefamo.be\/MFMarts\/metropolis\/","title":{"rendered":"Metropolis"},"content":{"rendered":"\t\t<div data-elementor-type=\"wp-post\" data-elementor-id=\"4349\" class=\"elementor elementor-4349\">\n\t\t\t\t\t\t<section class=\"elementor-section elementor-top-section elementor-element elementor-element-63396fd7 elementor-section-boxed elementor-section-height-default elementor-section-height-default\" data-id=\"63396fd7\" data-element_type=\"section\">\n\t\t\t\t\t\t<div class=\"elementor-container elementor-column-gap-default\">\n\t\t\t\t\t<div class=\"elementor-column elementor-col-100 elementor-top-column elementor-element elementor-element-6ed1c53a\" data-id=\"6ed1c53a\" data-element_type=\"column\">\n\t\t\t<div class=\"elementor-widget-wrap elementor-element-populated\">\n\t\t\t\t\t\t<div class=\"elementor-element elementor-element-3bd68679 elementor-widget elementor-widget-text-editor\" data-id=\"3bd68679\" data-element_type=\"widget\" data-widget_type=\"text-editor.default\">\n\t\t\t\t<div class=\"elementor-widget-container\">\n\t\t\t<style>\/*! elementor - v3.19.0 - 07-02-2024 *\/\n.elementor-widget-text-editor.elementor-drop-cap-view-stacked .elementor-drop-cap{background-color:#69727d;color:#fff}.elementor-widget-text-editor.elementor-drop-cap-view-framed .elementor-drop-cap{color:#69727d;border:3px solid;background-color:transparent}.elementor-widget-text-editor:not(.elementor-drop-cap-view-default) .elementor-drop-cap{margin-top:8px}.elementor-widget-text-editor:not(.elementor-drop-cap-view-default) .elementor-drop-cap-letter{width:1em;height:1em}.elementor-widget-text-editor .elementor-drop-cap{float:left;text-align:center;line-height:1;font-size:50px}.elementor-widget-text-editor .elementor-drop-cap-letter{display:inline-block}<\/style>\t\t\t\t<!-- wp:quote -->\n<blockquote class=\"wp-block-quote\"><!-- wp:paragraph -->\n<p>Ce livre n&rsquo;est pas un tableau du pr\u00e9sent.<br \/>Ce livre n&rsquo;est pas un tableau de l&rsquo;avenir.<br \/>Ce livre ne se passe nulle part.<br \/>Ce livre ne sert aucune tendance, aucune classe, aucun parti.<br \/>Ce livre est un drame qui tourne autour d&rsquo;une seule et m\u00eame exp\u00e9rience :<br \/>Le m\u00e9diateur entre le cerveau et les mains, ce doit \u00eatre le c\u0153ur.<\/p>\n<!-- \/wp:paragraph --><\/blockquote>\n<!-- \/wp:quote -->\n\n<!-- wp:paragraph -->\n<p>Ainsi d\u00e9bute le livre de <strong id=\"red\">Th\u00e9a Von Harbou<\/strong>, qui en 1925, terminait d\u2019\u00e9crire son roman d&rsquo;anticipation dystopique <em id=\"red\">Metropolis<\/em>. Son introduction deviendra embl\u00e9matique, et la derni\u00e8re ligne de celle-ci accompagnera les adaptations qui lui succ\u00e9deront.<\/p>\n<!-- \/wp:paragraph -->\n\n<!-- wp:paragraph -->\n<p>Metropolis divise l&rsquo;humanit\u00e9 en deux castes : L&rsquo;\u00e9lite qui vit au sommet de gigantesques gratte-ciels et les ouvriers qui s&rsquo;entassent dans la ville souterraine. C\u2019est sous ce r\u00e9gime mena\u00e7ant que nous suivons l\u2019histoire de Freder, fils du ma\u00eetre de M\u00e9tropolis, qui tombe sous le charme de la belle Maria, une femme de la ville basse aux valeurs humanitaires. Il est pris d\u2019un coup de foudre et d\u00e9cide de la suivre dans sa pr\u00e9paration de la r\u00e9volte ouvri\u00e8re, malgr\u00e9 les mesures drastiques de son p\u00e8re, qui cherche quant \u00e0 lui \u00e0 cr\u00e9er un andro\u00efde d\u00e9shumanis\u00e9.<\/p>\n<!-- \/wp:paragraph -->\n\n<!-- wp:paragraph -->\n<p>Deux ans plus tard, <strong id=\"red\">Fritz Lang<\/strong>, \u00e0 l&rsquo;\u00e9poque mari de Th\u00e9a, emm\u00e8ne l\u2019\u0153uvre de sa femme dans les salles de cin\u00e9ma. A sa sortie, le film est un \u00e9chec critique et commercial. La version originale de 153 minutes est tr\u00e8s vite raccourcie, en l\u2019amputant de nombreux passages, en modifiant le nom des personnages et allant m\u00eame jusqu\u2019\u00e0 r\u00e9\u00e9crire certains cartons de dialogue. Il y aura quatres versions de montages diff\u00e9rentes, pour se conformer aux exigences de la censure nazie et mieux correspondre aux standards commerciaux de l\u2019\u00e9poque, mais il sera finalement remont\u00e9 en 2001, cette fois-ci en essayant d\u2019\u00eatre le plus fid\u00e8le possible \u00e0 l&rsquo;ouvrage original.<\/p>\n<!-- \/wp:paragraph -->\n\n<!-- wp:paragraph -->\n<p>L&rsquo;\u0153uvre nous d\u00e9peint des valeurs intemporelles, qui d\u00e9passent tous messages politiques, ainsi que l\u2019aspect muet et noir et blanc que nous impose l\u2019\u00e9poque. Elle parle de l\u2019amour aveuglant qui frappe un homme tombant amoureux d\u2019une femme, la fascination qui en r\u00e9sulte, mais aussi de l\u2019amour \u00e9touffant que l\u2019on porte lors du deuil de l\u2019\u00eatre aim\u00e9. On s\u2019attache ind\u00e9niablement au personnage de Freder qui nous semble bien souvent perdu face \u00e0 la rigidit\u00e9 du monde qui l\u2019entoure, mais on ne peut s\u2019emp\u00eacher de relever sa bont\u00e9 et le courage dont il fait preuve pour garder l\u2019espoir d\u2019une accalmie. La relation entre le jeune homme et son p\u00e8re est remplie d\u2019essais de communication rat\u00e9s, de complexit\u00e9 et de non-dits qui nous titillent tout au long du visionnage. Lorsqu\u2019on ajoute \u00e0 tout cela l\u2019ing\u00e9niosit\u00e9 mal\u00e9fique de Rotwang &#8211; inventeur en soif d\u2019affection &#8211; la d\u00e9votion des compagnons de r\u00e9volte ainsi que l\u2019\u00e9puisement que nous pouvons lire sur les visages des ouvriers, c\u2019est un bien beau tableau expressif que nous offre Fritz Lang.<\/p>\n<!-- \/wp:paragraph -->\n\n<!-- wp:paragraph -->\n<p>Et c\u2019est certainement pour cela que Metropolis laisse des traces ind\u00e9l\u00e9biles dans les esprits. L&rsquo;\u0153uvre continue de vivre \u00e0 travers les mains d\u2019autres grands artistes, qui n&rsquo;h\u00e9sitent pas \u00e0 s\u2019approprier cet univers et y ajouter leur propre vision. C\u2019est le cas d\u2019<strong id=\"red\">Osamu Tesuka<\/strong> &#8211; personnage embl\u00e9matique du monde du manga, notamment connu pour <em id=\"red\">Astro Boy<\/em> &#8211; qui en 1949 d\u00e9couvrit une image du film :<\/p>\n<!-- \/wp:paragraph -->\n\n<!-- wp:quote -->\n<blockquote class=\"wp-block-quote\"><!-- wp:paragraph -->\n<p>A cette \u00e9poque, je n\u2019avais pas visionn\u00e9 le film et je n\u2019en connaissais pas le sc\u00e9nario. J\u2019avais simplement vu, durant la guerre, une capture d\u2019\u00e9cran dans un magazine consacr\u00e9 au cin\u00e9ma, probablement Kinema Junp\u00f4. Il s\u2019agissait de la sc\u00e8ne de la naissance du robot. Je me souvenais de cette photo et c\u2019est de l\u00e0 que m\u2019est venue l\u2019id\u00e9e.<\/p>\n<!-- \/wp:paragraph --><\/blockquote>\n<!-- \/wp:quote -->\n\n<!-- wp:image {\"align\":\"center\",\"id\":4368,\"sizeSlug\":\"large\",\"linkDestination\":\"none\"} -->\n<figure class=\"wp-block-image aligncenter size-large\"><img fetchpriority=\"high\" decoding=\"async\" width=\"2000\" height=\"867\" class=\"wp-image-4368\" src=\"http:\/\/www.mefamo.be\/MFMarts\/wp-content\/uploads\/2023\/03\/METROPOLIS-FZ-2-2000x867.jpg\" alt=\"\" srcset=\"https:\/\/www.mefamo.be\/MFMarts\/wp-content\/uploads\/2023\/03\/METROPOLIS-FZ-2-2000x867.jpg 2000w, https:\/\/www.mefamo.be\/MFMarts\/wp-content\/uploads\/2023\/03\/METROPOLIS-FZ-2-300x130.jpg 300w, https:\/\/www.mefamo.be\/MFMarts\/wp-content\/uploads\/2023\/03\/METROPOLIS-FZ-2-768x333.jpg 768w, https:\/\/www.mefamo.be\/MFMarts\/wp-content\/uploads\/2023\/03\/METROPOLIS-FZ-2-1536x666.jpg 1536w, https:\/\/www.mefamo.be\/MFMarts\/wp-content\/uploads\/2023\/03\/METROPOLIS-FZ-2-2048x887.jpg 2048w, https:\/\/www.mefamo.be\/MFMarts\/wp-content\/uploads\/2023\/03\/METROPOLIS-FZ-2-370x160.jpg 370w, https:\/\/www.mefamo.be\/MFMarts\/wp-content\/uploads\/2023\/03\/METROPOLIS-FZ-2-760x329.jpg 760w\" sizes=\"(max-width: 2000px) 100vw, 2000px\" \/><\/figure>\n<!-- \/wp:image -->\n\n<!-- wp:paragraph -->\n<p>Bien qu\u2019Osamu Tesuka nie totalement toute ressemblance avec le film si ce n\u2019est son titre, son livre sera lui aussi amen\u00e9 au cin\u00e9ma, gr\u00e2ce \u00e0 <strong id=\"red\">Rintaro<\/strong> qui en fera en 2001 un film d\u2019animation.<\/p>\n<!-- \/wp:paragraph -->\n\n<!-- wp:paragraph -->\n<p>On y suit les p\u00e9riples de Kenichi qui enqu\u00eate sur un trafic d\u2019organes humains \u00e0 l&rsquo;aide de son oncle, le d\u00e9tective Shunsaku Ban. Il fait la rencontre du docteur Laughton (qui a un r\u00f4le similaire \u00e0 celui de Rotwang), un scientifique fou qui cr\u00e9a Tima, robot gyno\u00efde destin\u00e9e \u00e0 r\u00e9gner sur Metropolis.<\/p>\n<!-- \/wp:paragraph -->\n\n<!-- wp:paragraph -->\n<p>L\u2019anim\u00e9 poss\u00e8de beaucoup de similitudes avec le film allemand. Il nous parle \u00e9galement du deuil d\u00e9chirant d\u2019un p\u00e8re, de l\u2019\u00e9blouissement qu\u2019un jeune homme peut ressentir pour une femme, et \u00e9videmment de ce d\u00e9sastre que provoque l\u2019avidit\u00e9, la soif de pouvoir. L\u2019exploitation ouvri\u00e8re y est tout aussi rude et pesante, et la peur du progr\u00e8s prend la forme d\u2019une discrimination divisant les robots des autres habitants de M\u00e9tropolis. On peut y reconna\u00eetre certains attraits esth\u00e9tiques de Fritz Lang, car m\u00eame si les artistes n\u2019ont pas le m\u00eame pr\u00e9sent, leurs images du futur semblent s\u2019accorder aux creux de leurs paysages.<\/p>\n<!-- \/wp:paragraph -->\n\n<!-- wp:image {\"align\":\"center\",\"id\":4370,\"sizeSlug\":\"large\",\"linkDestination\":\"none\"} -->\n<figure class=\"wp-block-image aligncenter size-large\"><img decoding=\"async\" width=\"2000\" height=\"867\" class=\"wp-image-4370\" src=\"http:\/\/www.mefamo.be\/MFMarts\/wp-content\/uploads\/2023\/03\/METROPOLIS-FZ-2000x867.jpg\" alt=\"\" srcset=\"https:\/\/www.mefamo.be\/MFMarts\/wp-content\/uploads\/2023\/03\/METROPOLIS-FZ-2000x867.jpg 2000w, https:\/\/www.mefamo.be\/MFMarts\/wp-content\/uploads\/2023\/03\/METROPOLIS-FZ-300x130.jpg 300w, https:\/\/www.mefamo.be\/MFMarts\/wp-content\/uploads\/2023\/03\/METROPOLIS-FZ-768x333.jpg 768w, https:\/\/www.mefamo.be\/MFMarts\/wp-content\/uploads\/2023\/03\/METROPOLIS-FZ-1536x666.jpg 1536w, https:\/\/www.mefamo.be\/MFMarts\/wp-content\/uploads\/2023\/03\/METROPOLIS-FZ-2048x887.jpg 2048w, https:\/\/www.mefamo.be\/MFMarts\/wp-content\/uploads\/2023\/03\/METROPOLIS-FZ-370x160.jpg 370w, https:\/\/www.mefamo.be\/MFMarts\/wp-content\/uploads\/2023\/03\/METROPOLIS-FZ-760x329.jpg 760w\" sizes=\"(max-width: 2000px) 100vw, 2000px\" \/><\/figure>\n<!-- \/wp:image -->\n\n<!-- wp:paragraph -->\n<p>Rintaro nous apporte n\u00e9anmoins une fra\u00eecheur nouvelle ; la na\u00efvet\u00e9 et l\u2019innocence des enfants, accord\u00e9e \u00e0 une palette de couleurs vives et frappantes.<\/p>\n<!-- \/wp:paragraph -->\n\n<!-- wp:paragraph -->\n<p>La richesse de ses personnages est envoutante ; Kenichi nous touche gr\u00e2ce son air enjou\u00e9 d\u2019enfant solaire, et la curiosit\u00e9 avec laquelle il d\u00e9couvre le monde autour de lui, et puis avec la sensibilit\u00e9 inou\u00efe dont il fait preuve lorsqu\u2019il rencontre Tima, dont l\u2019aura \u00e9blouissante nous rappelle la premi\u00e8re apparition de Maria dans le film de 1927. Aura qui appelle \u00e0 l\u2019innocence, la puret\u00e9, traits que nous retrouverons chez la d\u00e9vou\u00e9e et fragile robote.<\/p>\n<!-- \/wp:paragraph -->\n\n<!-- wp:image {\"align\":\"center\",\"id\":4369,\"sizeSlug\":\"large\",\"linkDestination\":\"none\"} -->\n<figure class=\"wp-block-image aligncenter size-large\"><img decoding=\"async\" width=\"2000\" height=\"867\" class=\"wp-image-4369\" src=\"http:\/\/www.mefamo.be\/MFMarts\/wp-content\/uploads\/2023\/03\/METROPOLIS-FZ-1-2000x867.jpg\" alt=\"\" srcset=\"https:\/\/www.mefamo.be\/MFMarts\/wp-content\/uploads\/2023\/03\/METROPOLIS-FZ-1-2000x867.jpg 2000w, https:\/\/www.mefamo.be\/MFMarts\/wp-content\/uploads\/2023\/03\/METROPOLIS-FZ-1-300x130.jpg 300w, https:\/\/www.mefamo.be\/MFMarts\/wp-content\/uploads\/2023\/03\/METROPOLIS-FZ-1-768x333.jpg 768w, https:\/\/www.mefamo.be\/MFMarts\/wp-content\/uploads\/2023\/03\/METROPOLIS-FZ-1-1536x666.jpg 1536w, https:\/\/www.mefamo.be\/MFMarts\/wp-content\/uploads\/2023\/03\/METROPOLIS-FZ-1-2048x887.jpg 2048w, https:\/\/www.mefamo.be\/MFMarts\/wp-content\/uploads\/2023\/03\/METROPOLIS-FZ-1-370x160.jpg 370w, https:\/\/www.mefamo.be\/MFMarts\/wp-content\/uploads\/2023\/03\/METROPOLIS-FZ-1-760x329.jpg 760w\" sizes=\"(max-width: 2000px) 100vw, 2000px\" \/><\/figure>\n<!-- \/wp:image -->\n\n<!-- wp:paragraph -->\n<p>Ces quatre \u0153uvres nous prouvent l\u2019importance de la singularit\u00e9 cr\u00e9ative, mais aussi paradoxalement que cela puisse \u00eatre, celle de l\u2019universalit\u00e9 des sentiments humains. Malgr\u00e9 les ann\u00e9es de distance entre toutes les adaptations de l\u2019univers de Metropolis, le doute est \u00e9cart\u00e9 ; ce qui importe, c\u2019est bien le fond et non la forme.<\/p>\n<!-- \/wp:paragraph -->\n\n<!-- wp:paragraph -->\n<p>Venez \u00e0 la rencontre de Tima et de ses questions existentielles \u00e0 travers le film de Rintaro le mardi 4 avril \u00e0 20h au <strong id=\"red\">Cin\u00e9 Club Nickelod\u00e9on<\/strong>, pour ensuite retourner aux sources de ce monument cin\u00e9matographique lors de la projection du film de Fritz Lang, le jeudi 20 avril \u00e0 19h30 dans les locaux de <strong id=\"red\">R\u00e9jouisciences<\/strong>.<\/p>\n<!-- \/wp:paragraph -->\n\n<!-- wp:paragraph -->\n<p><strong id=\"red\">Curieux, curieuses, JOIN THE CULT<\/strong>!<\/p>\n<!-- \/wp:paragraph -->\t\t\t\t\t\t<\/div>\n\t\t\t\t<\/div>\n\t\t\t\t\t<\/div>\n\t\t<\/div>\n\t\t\t\t\t<\/div>\n\t\t<\/section>\n\t\t\t\t<section class=\"elementor-section elementor-top-section elementor-element elementor-element-68f6f9f elementor-section-boxed elementor-section-height-default elementor-section-height-default\" data-id=\"68f6f9f\" data-element_type=\"section\">\n\t\t\t\t\t\t<div class=\"elementor-container elementor-column-gap-default\">\n\t\t\t\t\t<div class=\"elementor-column elementor-col-100 elementor-top-column elementor-element elementor-element-4e3200c\" data-id=\"4e3200c\" data-element_type=\"column\">\n\t\t\t<div class=\"elementor-widget-wrap elementor-element-populated\">\n\t\t\t\t\t\t<div class=\"elementor-element elementor-element-0bb90c0 elementor-widget elementor-widget-html\" data-id=\"0bb90c0\" data-element_type=\"widget\" data-widget_type=\"html.default\">\n\t\t\t\t<div class=\"elementor-widget-container\">\n\t\t\t<div class=\"rectangleAuteur\">\n<img decoding=\"async\" class=\"imgAuteur\" src=\"https:\/\/zupimages.net\/up\/23\/14\/kejv.png\"\/>\n  <p class=\"titreAuteur\">Colombe D'Haene <\/p>\n  <div class=\"barreAuteur\"><\/div>\n    <p class=\"pAuteur\">\n    Avec un pr\u00e9nom pareil, vous vous doutez bien qu'elle n'a pas besoin de surnom.\nV\u00e9ritable couteau suisse artistique, elle est n\u00e9e un pinceau \u00e0 la main, a grandit en \u00e9crivant ses pens\u00e9es dans ses petits carnets et aujourd'hui, elle passe son temps \u00e0 filmer le monde autour d'elle.\n\n     <\/p>\n     <\/div>\t\t<\/div>\n\t\t\t\t<\/div>\n\t\t\t\t\t<\/div>\n\t\t<\/div>\n\t\t\t\t\t<\/div>\n\t\t<\/section>\n\t\t\t\t<section class=\"elementor-section elementor-top-section elementor-element elementor-element-796f7ce elementor-section-boxed elementor-section-height-default elementor-section-height-default\" data-id=\"796f7ce\" data-element_type=\"section\">\n\t\t\t\t\t\t<div class=\"elementor-container elementor-column-gap-default\">\n\t\t\t\t\t<div class=\"elementor-column elementor-col-100 elementor-top-column elementor-element elementor-element-a61c9db\" data-id=\"a61c9db\" data-element_type=\"column\">\n\t\t\t<div class=\"elementor-widget-wrap elementor-element-populated\">\n\t\t\t\t\t\t<div class=\"elementor-element elementor-element-cb56f98 elementor-widget elementor-widget-html\" data-id=\"cb56f98\" data-element_type=\"widget\" data-widget_type=\"html.default\">\n\t\t\t\t<div class=\"elementor-widget-container\">\n\t\t\t<a href=\"https:\/\/www.mefamo.be\/MFMarts\/le-geant-de-fer\/\" style=\"font-size:60px;margin-right:400px;margin-left:300px;\">\u25c4<\/a><a href=\"https:\/\/www.mefamo.be\/MFMarts\/blade-runner\/\" style=\"font-size:60px\";>\u25ba<\/a>\t\t<\/div>\n\t\t\t\t<\/div>\n\t\t\t\t\t<\/div>\n\t\t<\/div>\n\t\t\t\t\t<\/div>\n\t\t<\/section>\n\t\t\t\t<\/div>\n\t\t","protected":false},"excerpt":{"rendered":"<p>Ce livre n&rsquo;est pas un tableau du pr\u00e9sent.Ce livre n&rsquo;est pas un tableau de l&rsquo;avenir.Ce&hellip;<\/p>\n","protected":false},"author":1,"featured_media":5844,"comment_status":"open","ping_status":"open","sticky":false,"template":"","format":"standard","meta":[],"categories":[61],"tags":[],"yoast_head":"<!-- This site is optimized with the Yoast SEO plugin v20.2.1 - https:\/\/yoast.com\/wordpress\/plugins\/seo\/ -->\n<title>Metropolis - Mefamo<\/title>\n<meta name=\"robots\" content=\"index, follow, max-snippet:-1, max-image-preview:large, max-video-preview:-1\" \/>\n<link rel=\"canonical\" href=\"https:\/\/www.mefamo.be\/MFMarts\/metropolis\/\" \/>\n<meta property=\"og:locale\" content=\"fr_FR\" \/>\n<meta property=\"og:type\" content=\"article\" \/>\n<meta property=\"og:title\" content=\"Metropolis - Mefamo\" \/>\n<meta property=\"og:description\" content=\"Ce livre n&rsquo;est pas un tableau du pr\u00e9sent.Ce livre n&rsquo;est pas un tableau de l&rsquo;avenir.Ce&hellip;\" \/>\n<meta property=\"og:url\" content=\"https:\/\/www.mefamo.be\/MFMarts\/metropolis\/\" \/>\n<meta property=\"og:site_name\" content=\"Mefamo\" \/>\n<meta property=\"article:published_time\" content=\"2023-03-31T18:43:29+00:00\" \/>\n<meta property=\"article:modified_time\" content=\"2025-01-13T11:40:41+00:00\" \/>\n<meta property=\"og:image\" content=\"https:\/\/www.mefamo.be\/MFMarts\/wp-content\/uploads\/2016\/03\/Metropolis.png\" \/>\n\t<meta property=\"og:image:width\" content=\"3000\" \/>\n\t<meta property=\"og:image:height\" content=\"1300\" \/>\n\t<meta property=\"og:image:type\" content=\"image\/png\" \/>\n<meta name=\"author\" content=\"Christophe Mavroudis\" \/>\n<meta name=\"twitter:card\" content=\"summary_large_image\" \/>\n<meta name=\"twitter:label1\" content=\"\u00c9crit par\" \/>\n\t<meta name=\"twitter:data1\" content=\"Christophe Mavroudis\" \/>\n\t<meta name=\"twitter:label2\" content=\"Dur\u00e9e de lecture estim\u00e9e\" \/>\n\t<meta name=\"twitter:data2\" content=\"7 minutes\" \/>\n<script type=\"application\/ld+json\" class=\"yoast-schema-graph\">{\"@context\":\"https:\/\/schema.org\",\"@graph\":[{\"@type\":\"Article\",\"@id\":\"https:\/\/www.mefamo.be\/MFMarts\/metropolis\/#article\",\"isPartOf\":{\"@id\":\"https:\/\/www.mefamo.be\/MFMarts\/metropolis\/\"},\"author\":{\"name\":\"Christophe Mavroudis\",\"@id\":\"https:\/\/www.mefamo.be\/MFMarts\/#\/schema\/person\/6f6cc436e6664d0b19a98ed45185c77d\"},\"headline\":\"Metropolis\",\"datePublished\":\"2023-03-31T18:43:29+00:00\",\"dateModified\":\"2025-01-13T11:40:41+00:00\",\"mainEntityOfPage\":{\"@id\":\"https:\/\/www.mefamo.be\/MFMarts\/metropolis\/\"},\"wordCount\":1153,\"commentCount\":0,\"publisher\":{\"@id\":\"https:\/\/www.mefamo.be\/MFMarts\/#organization\"},\"articleSection\":[\"Offscreen Li\u00e8ge\"],\"inLanguage\":\"fr-FR\",\"potentialAction\":[{\"@type\":\"CommentAction\",\"name\":\"Comment\",\"target\":[\"https:\/\/www.mefamo.be\/MFMarts\/metropolis\/#respond\"]}]},{\"@type\":\"WebPage\",\"@id\":\"https:\/\/www.mefamo.be\/MFMarts\/metropolis\/\",\"url\":\"https:\/\/www.mefamo.be\/MFMarts\/metropolis\/\",\"name\":\"Metropolis - Mefamo\",\"isPartOf\":{\"@id\":\"https:\/\/www.mefamo.be\/MFMarts\/#website\"},\"datePublished\":\"2023-03-31T18:43:29+00:00\",\"dateModified\":\"2025-01-13T11:40:41+00:00\",\"breadcrumb\":{\"@id\":\"https:\/\/www.mefamo.be\/MFMarts\/metropolis\/#breadcrumb\"},\"inLanguage\":\"fr-FR\",\"potentialAction\":[{\"@type\":\"ReadAction\",\"target\":[\"https:\/\/www.mefamo.be\/MFMarts\/metropolis\/\"]}]},{\"@type\":\"BreadcrumbList\",\"@id\":\"https:\/\/www.mefamo.be\/MFMarts\/metropolis\/#breadcrumb\",\"itemListElement\":[{\"@type\":\"ListItem\",\"position\":1,\"name\":\"Accueil\",\"item\":\"https:\/\/www.mefamo.be\/MFMarts\/\"},{\"@type\":\"ListItem\",\"position\":2,\"name\":\"Metropolis\"}]},{\"@type\":\"WebSite\",\"@id\":\"https:\/\/www.mefamo.be\/MFMarts\/#website\",\"url\":\"https:\/\/www.mefamo.be\/MFMarts\/\",\"name\":\"Mefamo\",\"description\":\"L&#039;imaginaire en mouvement\",\"publisher\":{\"@id\":\"https:\/\/www.mefamo.be\/MFMarts\/#organization\"},\"potentialAction\":[{\"@type\":\"SearchAction\",\"target\":{\"@type\":\"EntryPoint\",\"urlTemplate\":\"https:\/\/www.mefamo.be\/MFMarts\/?s={search_term_string}\"},\"query-input\":\"required name=search_term_string\"}],\"inLanguage\":\"fr-FR\"},{\"@type\":\"Organization\",\"@id\":\"https:\/\/www.mefamo.be\/MFMarts\/#organization\",\"name\":\"Mefamo\",\"url\":\"https:\/\/www.mefamo.be\/MFMarts\/\",\"logo\":{\"@type\":\"ImageObject\",\"inLanguage\":\"fr-FR\",\"@id\":\"https:\/\/www.mefamo.be\/MFMarts\/#\/schema\/logo\/image\/\",\"url\":\"https:\/\/www.mefamo.be\/MFMarts\/wp-content\/uploads\/2016\/09\/Logo-Mefamo-e1474883034358.png\",\"contentUrl\":\"https:\/\/www.mefamo.be\/MFMarts\/wp-content\/uploads\/2016\/09\/Logo-Mefamo-e1474883034358.png\",\"width\":178,\"height\":50,\"caption\":\"Mefamo\"},\"image\":{\"@id\":\"https:\/\/www.mefamo.be\/MFMarts\/#\/schema\/logo\/image\/\"}},{\"@type\":\"Person\",\"@id\":\"https:\/\/www.mefamo.be\/MFMarts\/#\/schema\/person\/6f6cc436e6664d0b19a98ed45185c77d\",\"name\":\"Christophe Mavroudis\",\"image\":{\"@type\":\"ImageObject\",\"inLanguage\":\"fr-FR\",\"@id\":\"https:\/\/www.mefamo.be\/MFMarts\/#\/schema\/person\/image\/\",\"url\":\"http:\/\/www.mefamo.be\/MFMarts\/wp-content\/uploads\/2022\/06\/Presentation-Equipe-Site-2.png\",\"contentUrl\":\"http:\/\/www.mefamo.be\/MFMarts\/wp-content\/uploads\/2022\/06\/Presentation-Equipe-Site-2.png\",\"caption\":\"Christophe Mavroudis\"},\"description\":\"Dit \\\"Le Sp\u00e9cialiste\\\", on appelle Christophe lorsque \u00e7a chauffe vraiment. Arm\u00e9 de son exp\u00e9rience de monteur\/r\u00e9alisateur, son \u00e9rudition et sa passion pour le cin\u00e9ma de genre, il n'h\u00e9site pas \u00e0 fournir conseils et expertise pour l'aide au d\u00e9veloppement de projets de fiction. Il coordonne \u00e9galement la d\u00e9localisation li\u00e9geoise du Festival Offscreen et anime des conf\u00e9rences. Un couteau-suisse on vous dit.\",\"url\":\"#molongui-disabled-link\"}]}<\/script>\n<!-- \/ Yoast SEO plugin. -->","yoast_head_json":{"title":"Metropolis - Mefamo","robots":{"index":"index","follow":"follow","max-snippet":"max-snippet:-1","max-image-preview":"max-image-preview:large","max-video-preview":"max-video-preview:-1"},"canonical":"https:\/\/www.mefamo.be\/MFMarts\/metropolis\/","og_locale":"fr_FR","og_type":"article","og_title":"Metropolis - Mefamo","og_description":"Ce livre n&rsquo;est pas un tableau du pr\u00e9sent.Ce livre n&rsquo;est pas un tableau de l&rsquo;avenir.Ce&hellip;","og_url":"https:\/\/www.mefamo.be\/MFMarts\/metropolis\/","og_site_name":"Mefamo","article_published_time":"2023-03-31T18:43:29+00:00","article_modified_time":"2025-01-13T11:40:41+00:00","og_image":[{"width":3000,"height":1300,"url":"https:\/\/www.mefamo.be\/MFMarts\/wp-content\/uploads\/2016\/03\/Metropolis.png","type":"image\/png"}],"author":"Christophe Mavroudis","twitter_card":"summary_large_image","twitter_misc":{"\u00c9crit par":"Christophe Mavroudis","Dur\u00e9e de lecture estim\u00e9e":"7 minutes"},"schema":{"@context":"https:\/\/schema.org","@graph":[{"@type":"Article","@id":"https:\/\/www.mefamo.be\/MFMarts\/metropolis\/#article","isPartOf":{"@id":"https:\/\/www.mefamo.be\/MFMarts\/metropolis\/"},"author":{"name":"Christophe Mavroudis","@id":"https:\/\/www.mefamo.be\/MFMarts\/#\/schema\/person\/6f6cc436e6664d0b19a98ed45185c77d"},"headline":"Metropolis","datePublished":"2023-03-31T18:43:29+00:00","dateModified":"2025-01-13T11:40:41+00:00","mainEntityOfPage":{"@id":"https:\/\/www.mefamo.be\/MFMarts\/metropolis\/"},"wordCount":1153,"commentCount":0,"publisher":{"@id":"https:\/\/www.mefamo.be\/MFMarts\/#organization"},"articleSection":["Offscreen Li\u00e8ge"],"inLanguage":"fr-FR","potentialAction":[{"@type":"CommentAction","name":"Comment","target":["https:\/\/www.mefamo.be\/MFMarts\/metropolis\/#respond"]}]},{"@type":"WebPage","@id":"https:\/\/www.mefamo.be\/MFMarts\/metropolis\/","url":"https:\/\/www.mefamo.be\/MFMarts\/metropolis\/","name":"Metropolis - Mefamo","isPartOf":{"@id":"https:\/\/www.mefamo.be\/MFMarts\/#website"},"datePublished":"2023-03-31T18:43:29+00:00","dateModified":"2025-01-13T11:40:41+00:00","breadcrumb":{"@id":"https:\/\/www.mefamo.be\/MFMarts\/metropolis\/#breadcrumb"},"inLanguage":"fr-FR","potentialAction":[{"@type":"ReadAction","target":["https:\/\/www.mefamo.be\/MFMarts\/metropolis\/"]}]},{"@type":"BreadcrumbList","@id":"https:\/\/www.mefamo.be\/MFMarts\/metropolis\/#breadcrumb","itemListElement":[{"@type":"ListItem","position":1,"name":"Accueil","item":"https:\/\/www.mefamo.be\/MFMarts\/"},{"@type":"ListItem","position":2,"name":"Metropolis"}]},{"@type":"WebSite","@id":"https:\/\/www.mefamo.be\/MFMarts\/#website","url":"https:\/\/www.mefamo.be\/MFMarts\/","name":"Mefamo","description":"L&#039;imaginaire en mouvement","publisher":{"@id":"https:\/\/www.mefamo.be\/MFMarts\/#organization"},"potentialAction":[{"@type":"SearchAction","target":{"@type":"EntryPoint","urlTemplate":"https:\/\/www.mefamo.be\/MFMarts\/?s={search_term_string}"},"query-input":"required name=search_term_string"}],"inLanguage":"fr-FR"},{"@type":"Organization","@id":"https:\/\/www.mefamo.be\/MFMarts\/#organization","name":"Mefamo","url":"https:\/\/www.mefamo.be\/MFMarts\/","logo":{"@type":"ImageObject","inLanguage":"fr-FR","@id":"https:\/\/www.mefamo.be\/MFMarts\/#\/schema\/logo\/image\/","url":"https:\/\/www.mefamo.be\/MFMarts\/wp-content\/uploads\/2016\/09\/Logo-Mefamo-e1474883034358.png","contentUrl":"https:\/\/www.mefamo.be\/MFMarts\/wp-content\/uploads\/2016\/09\/Logo-Mefamo-e1474883034358.png","width":178,"height":50,"caption":"Mefamo"},"image":{"@id":"https:\/\/www.mefamo.be\/MFMarts\/#\/schema\/logo\/image\/"}},{"@type":"Person","@id":"https:\/\/www.mefamo.be\/MFMarts\/#\/schema\/person\/6f6cc436e6664d0b19a98ed45185c77d","name":"Christophe Mavroudis","image":{"@type":"ImageObject","inLanguage":"fr-FR","@id":"https:\/\/www.mefamo.be\/MFMarts\/#\/schema\/person\/image\/","url":"http:\/\/www.mefamo.be\/MFMarts\/wp-content\/uploads\/2022\/06\/Presentation-Equipe-Site-2.png","contentUrl":"http:\/\/www.mefamo.be\/MFMarts\/wp-content\/uploads\/2022\/06\/Presentation-Equipe-Site-2.png","caption":"Christophe Mavroudis"},"description":"Dit \"Le Sp\u00e9cialiste\", on appelle Christophe lorsque \u00e7a chauffe vraiment. Arm\u00e9 de son exp\u00e9rience de monteur\/r\u00e9alisateur, son \u00e9rudition et sa passion pour le cin\u00e9ma de genre, il n'h\u00e9site pas \u00e0 fournir conseils et expertise pour l'aide au d\u00e9veloppement de projets de fiction. Il coordonne \u00e9galement la d\u00e9localisation li\u00e9geoise du Festival Offscreen et anime des conf\u00e9rences. Un couteau-suisse on vous dit.","url":"#molongui-disabled-link"}]}},"_links":{"self":[{"href":"https:\/\/www.mefamo.be\/MFMarts\/wp-json\/wp\/v2\/posts\/4349"}],"collection":[{"href":"https:\/\/www.mefamo.be\/MFMarts\/wp-json\/wp\/v2\/posts"}],"about":[{"href":"https:\/\/www.mefamo.be\/MFMarts\/wp-json\/wp\/v2\/types\/post"}],"author":[{"embeddable":true,"href":"https:\/\/www.mefamo.be\/MFMarts\/wp-json\/wp\/v2\/users\/1"}],"replies":[{"embeddable":true,"href":"https:\/\/www.mefamo.be\/MFMarts\/wp-json\/wp\/v2\/comments?post=4349"}],"version-history":[{"count":36,"href":"https:\/\/www.mefamo.be\/MFMarts\/wp-json\/wp\/v2\/posts\/4349\/revisions"}],"predecessor-version":[{"id":5872,"href":"https:\/\/www.mefamo.be\/MFMarts\/wp-json\/wp\/v2\/posts\/4349\/revisions\/5872"}],"wp:featuredmedia":[{"embeddable":true,"href":"https:\/\/www.mefamo.be\/MFMarts\/wp-json\/wp\/v2\/media\/5844"}],"wp:attachment":[{"href":"https:\/\/www.mefamo.be\/MFMarts\/wp-json\/wp\/v2\/media?parent=4349"}],"wp:term":[{"taxonomy":"category","embeddable":true,"href":"https:\/\/www.mefamo.be\/MFMarts\/wp-json\/wp\/v2\/categories?post=4349"},{"taxonomy":"post_tag","embeddable":true,"href":"https:\/\/www.mefamo.be\/MFMarts\/wp-json\/wp\/v2\/tags?post=4349"}],"curies":[{"name":"wp","href":"https:\/\/api.w.org\/{rel}","templated":true}]}}