{"id":5904,"date":"2025-03-19T12:00:00","date_gmt":"2025-03-19T11:00:00","guid":{"rendered":"https:\/\/www.mefamo.be\/MFMarts\/?p=5904"},"modified":"2025-03-17T14:50:30","modified_gmt":"2025-03-17T13:50:30","slug":"the-wicker-man-synthese-au-soleil","status":"publish","type":"post","link":"http:\/\/www.mefamo.be\/MFMarts\/the-wicker-man-synthese-au-soleil\/","title":{"rendered":"The Wicker Man : Synth\u00e8se au soleil"},"content":{"rendered":"\t\t<div data-elementor-type=\"wp-post\" data-elementor-id=\"5904\" class=\"elementor elementor-5904\">\n\t\t\t\t\t\t<section class=\"elementor-section elementor-top-section elementor-element elementor-element-7025916 elementor-section-boxed elementor-section-height-default elementor-section-height-default\" data-id=\"7025916\" data-element_type=\"section\">\n\t\t\t\t\t\t<div class=\"elementor-container elementor-column-gap-default\">\n\t\t\t\t\t<div class=\"elementor-column elementor-col-100 elementor-top-column elementor-element elementor-element-332b709\" data-id=\"332b709\" data-element_type=\"column\">\n\t\t\t<div class=\"elementor-widget-wrap elementor-element-populated\">\n\t\t\t\t\t\t<div class=\"elementor-element elementor-element-e4596c3 elementor-widget elementor-widget-text-editor\" data-id=\"e4596c3\" data-element_type=\"widget\" data-widget_type=\"text-editor.default\">\n\t\t\t\t<div class=\"elementor-widget-container\">\n\t\t\t<style>\/*! elementor - v3.19.0 - 07-02-2024 *\/\n.elementor-widget-text-editor.elementor-drop-cap-view-stacked .elementor-drop-cap{background-color:#69727d;color:#fff}.elementor-widget-text-editor.elementor-drop-cap-view-framed .elementor-drop-cap{color:#69727d;border:3px solid;background-color:transparent}.elementor-widget-text-editor:not(.elementor-drop-cap-view-default) .elementor-drop-cap{margin-top:8px}.elementor-widget-text-editor:not(.elementor-drop-cap-view-default) .elementor-drop-cap-letter{width:1em;height:1em}.elementor-widget-text-editor .elementor-drop-cap{float:left;text-align:center;line-height:1;font-size:50px}.elementor-widget-text-editor .elementor-drop-cap-letter{display:inline-block}<\/style>\t\t\t\tLe sous-genre de la folk-horror fait partie de l&rsquo;un des pans les plus populaires du cin\u00e9ma d&rsquo;exploitation, au point d&rsquo;\u00eatre parvenu \u00e0 rassembler un ensemble de motifs identifiables dans l&rsquo;imagerie du film d&rsquo;\u00e9pouvante. Parmi ceux-ci, des r\u00e9cits tournant autour de la sorcellerie, des superstitions, des religions et autres d\u00e9rives sectaires de communaut\u00e9s fanatiques de divinit\u00e9s en tout genre. On y retrouve des ambiances lugubres embrassant une esth\u00e9tique gothique, parfois proche du conte. Les campagnes et zones perdues y sont l\u00e9gion, \u00e9loignant l&rsquo;homme dit \u00ab civilis\u00e9 \u00bb hors des limites de sa notion de soci\u00e9t\u00e9 traditionnelle. L&rsquo;hyst\u00e9rie humaine y est centrale, voilant les regards sur ce qui est r\u00e9el ou surnaturel. Ce cin\u00e9ma d\u00e9peint une obsession pour des figures aussi bien divines que d\u00e9moniaques, s&rsquo;arquant autour de l\u00e9gendes communautaristes.\nLa folk-horror anglaise est le r\u00e9sultat d&rsquo;un mal-\u00eatre g\u00e9n\u00e9ralis\u00e9 en Angleterre d&rsquo;apr\u00e8s Seconde Guerre mondiale ainsi que de l&rsquo;effondrement de pens\u00e9e de la culture hippie des ann\u00e9es 60. On retrouve un grand nombre de titres l\u00e9gendaires du mouvement comme <b id=\"red\">Le Repaire du Ver Blanc<\/b> (1988) de <em id=\"red\">Ken Russell<\/em> ou <b id=\"red\">La Nuit des Mal\u00e9fices<\/b> (1971), de <em id=\"red\">Piers Haggard<\/em>. Le genre va trouver ses r\u00e9sonances jusqu&rsquo;\u00e0 aujourd&rsquo;hui avec entre autres, <b id=\"red\">Midsommar<\/b> (2019), qui incarne d\u00e9sormais le porte-\u00e9tendard du cin\u00e9ma folk horror moderne dans l&rsquo;imaginaire collectif. Ce que beaucoup de spectateurs et spectatrices ignorent encore, c&rsquo;est que le film d&rsquo;<em id=\"red\">Ari Aster<\/em> est lui-m\u00eame inspir\u00e9 du v\u00e9ritable grand repr\u00e9sentant du mouvement : <b id=\"red\">The Wicker Man<\/b> (1973) r\u00e9alis\u00e9 par <em id=\"red\">Robin Hardy<\/em>.<\/br><\/br>\n\n<center><img decoding=\"async\" src=\"http:\/\/www.mefamo.be\/MFMarts\/wp-content\/uploads\/2025\/03\/WickerMan.png\" \/><\/center><\/br><\/br>\nOn y d\u00e9crit comment le sergent Neil Howie (<em id=\"red\">Edward Woodward<\/em>), chr\u00e9tien de naissance \u00e0 la moralit\u00e9 in\u00e9branlable, doit enqu\u00eater sur la disparition d&rsquo;une jeune fille sur une \u00eele \u00e9cossaise \u00e0 la communaut\u00e9 singuli\u00e8re. Ce lieu est le th\u00e9\u00e2tre de rites pa\u00efens atypiques orchestr\u00e9s par Lord Summerisle, sorte de gourou local camp\u00e9 par <em id=\"red\">Christopher Lee<\/em> dans ce qu\u2019il consid\u00e8re lui-m\u00eame comme son plus grand r\u00f4le. Les r\u00e9ponses semblent ici dissimul\u00e9es malgr\u00e9 l&rsquo;atmosph\u00e8re aussi positive que radieuse, le soleil r\u00e9gnant en ma\u00eetre.<\/br><\/br>\n\nThe Wicker Man va prendre \u00e0 contrepied l&rsquo;imaginaire jud\u00e9o-chr\u00e9tien, d\u00e9peint comme sectaire et se retrouvant confront\u00e9 \u00e0 un autre, beaucoup plus extr\u00eame et libertaire, mais paradoxalement moins froid. Robin Hardy pr\u00e9sente la mentalit\u00e9 de la secte de l\u2019\u00eele comme plus heureuse et ouverte d&rsquo;esprit que celle du protagoniste. Rien n&rsquo;est cach\u00e9 au spectateur, toutes les traditions locales, r\u00e9solument tourn\u00e9es autour du plaisir de la chair, sont d\u00e9voil\u00e9es dans un joyeux esprit hippie et libertin. Jamais le cin\u00e9aste ne semble traiter r\u00e9ellement les habitants de l&rsquo;\u00eele comme de v\u00e9ritables antagonistes, il est plut\u00f4t question d&rsquo;opposer deux points de vue de civilisation diff\u00e9rents, mais dont la finalit\u00e9 de pens\u00e9e trouve des similarit\u00e9s. Les pa\u00efens sont largement associ\u00e9s ici \u00e0 la culture hippie des sixties.<\/br><\/br>\n\nLes symboles phalliques et les rapports \u00e0 la sexualit\u00e9 libertaire seront nombreux au sein du film. Tout semble mis en \u0153uvre pour d\u00e9tourner le sergent Howie de son objectif dans cet environnement o\u00f9 tout le monde semble en savoir plus qu&rsquo;il ne veut bien le dire. Cet \u00e9tat de perte progressive de rep\u00e8res est constamment mis en opposition avec l&rsquo;atmosph\u00e8re lumineuse et solaire de l&rsquo;\u00eele. Tout appara\u00eet lucidement et en lumi\u00e8re pour le spectateur comme pour le protagoniste, l\u00e0 o\u00f9 ce dernier est petit \u00e0 petit plong\u00e9 dans l&rsquo;obscurit\u00e9.<\/br><\/br>\n\nLe sergent Howie est un personnage dont on tente ici d&rsquo;\u00e9branler les convictions profondes, le faire c\u00e9der \u00e0 la tentation et remettre en question ses croyances. Christopher Lee incarne une forme de diable positif mettant tout en \u0153uvre pour faire succomber le protagoniste aux coutumes locales, laissant pr\u00e9sager un final cruel. Le l\u00e9gendaire acteur anglais fut l&rsquo;un des principaux \u00e9l\u00e9ments promotionnels du film, voulant probablement laisser pr\u00e9sager une continuit\u00e9 qualitative et th\u00e9matique avec ses prestations d&rsquo;anthologie au sein de la Hammer (Dracula, Frankenstein,&#8230;). Les rituels pa\u00efens que ce gourou fait pratiquer sur l&rsquo;\u00eele sont repris des v\u00e9ritables cultes originels, The Wicker Man se permet donc d&rsquo;inclure une dimension documentaire dans son traitement, se voulant objectif et sans jugement.<\/br><\/br>\n\nLe long-m\u00e9trage d\u00e9ploie \u00e9galement un certain aspect comique lors de quelques s\u00e9quences, jouant sur des dialogues et situations grotesques, adoptant presque un ton enfantin, d\u00e9sar\u00e7onnant d&rsquo;autant plus le protagoniste. On ne trouve que peu de rapport au genre fantastique, le cin\u00e9aste pr\u00e9f\u00e9rant inclure cette communaut\u00e9 dans un r\u00e9alisme tr\u00e8s terre-\u00e0-terre o\u00f9 seuls les symboles trouvent de l&rsquo;importance. Il est finalement assez rare d&rsquo;avoir de v\u00e9ritables \u00e9l\u00e9ments horrifiques, The Wicker Man pr\u00e9f\u00e9rant d\u00e9velopper ses allures dans son \u00e9tranget\u00e9 normalis\u00e9e oppos\u00e9e \u00e0 la pens\u00e9e dite \u00ab civilis\u00e9e \u00bb. Le long-m\u00e9trage rassemble la vision d&rsquo;une soci\u00e9t\u00e9 chr\u00e9tienne en la mettant en relation avec le paganisme, r\u00e9sultant en un dialogue de sourds duquel personne ne peut sortir vainqueur. Il sera propos\u00e9 au spectateur de voir ces deux visions aussi oppos\u00e9es que similaires s&rsquo;entre-d\u00e9chirer.<\/br><\/br>\n\nDans cette querelle aussi bien id\u00e9ologique que th\u00e9ologique, The Wicker Man offre un regard fascinant sur les id\u00e9ologies des seventies, jusqu&rsquo;\u00e0 un final aussi iconique que fataliste. Il s&rsquo;agit sans aucun doute de la pierre angulaire du cin\u00e9ma de folk-horror, ayant frontalement inspir\u00e9 toutes les grandes \u0153uvres du genre, jusqu&rsquo;au pr\u00e9c\u00e9demment cit\u00e9 Midsommar d&rsquo;Ari Aster. La figure gigantesque de l&rsquo;homme d&rsquo;osier sera destin\u00e9e \u00e0 devenir au fil du temps l&rsquo;une des ic\u00f4nes les plus importantes du cin\u00e9ma d&rsquo;\u00e9pouvante, en plus d&rsquo;\u00eatre une forme de t\u00e9moignage de son \u00e9poque.<\/br><\/br>\n\nSans en r\u00e9v\u00e9ler plus, le film de Robin Hardy aura l&rsquo;honneur d&rsquo;\u00eatre l&rsquo;ouverture de l&rsquo;\u00e9dition 2025 de la d\u00e9localisation li\u00e9geoise du Festival Offscreen au cin\u00e9-club Nickelod\u00e9on ce mardi 01\/04.<\/br><\/br>\n\nAmateurs, curieux&#8230;<\/br><\/br>\n\nJOIN THE CULT !\t\t\t\t\t\t<\/div>\n\t\t\t\t<\/div>\n\t\t\t\t\t<\/div>\n\t\t<\/div>\n\t\t\t\t\t<\/div>\n\t\t<\/section>\n\t\t\t\t<section class=\"elementor-section elementor-top-section elementor-element elementor-element-8faea70 elementor-section-boxed elementor-section-height-default elementor-section-height-default\" data-id=\"8faea70\" data-element_type=\"section\">\n\t\t\t\t\t\t<div class=\"elementor-container elementor-column-gap-default\">\n\t\t\t\t\t<div class=\"elementor-column elementor-col-100 elementor-top-column elementor-element elementor-element-d97c570\" data-id=\"d97c570\" data-element_type=\"column\">\n\t\t\t<div class=\"elementor-widget-wrap elementor-element-populated\">\n\t\t\t\t\t\t<div class=\"elementor-element elementor-element-afae750 elementor-widget elementor-widget-html\" data-id=\"afae750\" data-element_type=\"widget\" data-widget_type=\"html.default\">\n\t\t\t\t<div class=\"elementor-widget-container\">\n\t\t\t<div class=\"rectangleAuteur\">\r\n<img decoding=\"async\" class=\"imgqui1\" src=\"https:\/\/zupimages.net\/up\/23\/14\/beuz.png\"\/>\r\n<p class=\"titrequi2\">Vladimir Delmotte<\/p>\r\n<div class=\"quibar\"><\/div>\r\n<p class=\"pqui1\">\r\nDit \u00abLe Comte\u00bb, Vladimir est passionn\u00e9 de cin\u00e9ma depuis qu\u2019il est tomb\u00e9 sur une rediffusion\r\nCANAL+ en crypt\u00e9 de \u00abGorge Profonde\u00bb. Il n\u2019a de cesse depuis lors de hurler sur des publics\r\nde cin\u00e9club, voire sur de simples passants dans la rue pour expliquer \u00e0 quel point les images en\r\nmouvement, c\u2019est trop g\u00e9nial.\r\n<\/br><\/br>\r\n<a href=\"http:\/\/www.mefamo.be\/MFMarts\/author\/vladimir-delmotte\/\"><u>Plus de publications<\/\r\nu> <\/a>\r\n<\/p> <\/div>\t\t<\/div>\n\t\t\t\t<\/div>\n\t\t\t\t\t<\/div>\n\t\t<\/div>\n\t\t\t\t\t<\/div>\n\t\t<\/section>\n\t\t\t\t<\/div>\n\t\t","protected":false},"excerpt":{"rendered":"<p>Le sous-genre de la folk-horror fait partie de l&rsquo;un des pans les plus populaires du&hellip;<\/p>\n","protected":false},"author":3,"featured_media":5905,"comment_status":"open","ping_status":"open","sticky":false,"template":"","format":"standard","meta":[],"categories":[58,61],"tags":[],"yoast_head":"<!-- This site is optimized with the Yoast SEO plugin v20.2.1 - https:\/\/yoast.com\/wordpress\/plugins\/seo\/ -->\n<title>The Wicker Man : Synth\u00e8se au soleil - Mefamo<\/title>\n<meta name=\"robots\" content=\"index, follow, max-snippet:-1, max-image-preview:large, max-video-preview:-1\" \/>\n<link rel=\"canonical\" href=\"http:\/\/www.mefamo.be\/MFMarts\/the-wicker-man-synthese-au-soleil\/\" \/>\n<meta property=\"og:locale\" content=\"fr_FR\" \/>\n<meta property=\"og:type\" content=\"article\" \/>\n<meta property=\"og:title\" content=\"The Wicker Man : Synth\u00e8se au soleil - Mefamo\" \/>\n<meta property=\"og:description\" content=\"Le sous-genre de la folk-horror fait partie de l&rsquo;un des pans les plus populaires du&hellip;\" \/>\n<meta property=\"og:url\" content=\"http:\/\/www.mefamo.be\/MFMarts\/the-wicker-man-synthese-au-soleil\/\" \/>\n<meta property=\"og:site_name\" content=\"Mefamo\" \/>\n<meta property=\"article:published_time\" content=\"2025-03-19T11:00:00+00:00\" \/>\n<meta property=\"article:modified_time\" content=\"2025-03-17T13:50:30+00:00\" \/>\n<meta property=\"og:image\" content=\"http:\/\/www.mefamo.be\/MFMarts\/wp-content\/uploads\/2025\/03\/The-Wicker-Man.png\" \/>\n\t<meta property=\"og:image:width\" content=\"3000\" \/>\n\t<meta property=\"og:image:height\" content=\"1300\" \/>\n\t<meta property=\"og:image:type\" content=\"image\/png\" \/>\n<meta name=\"author\" content=\"Vladimir Delmotte\" \/>\n<meta name=\"twitter:card\" content=\"summary_large_image\" \/>\n<meta name=\"twitter:label1\" content=\"\u00c9crit par\" \/>\n\t<meta name=\"twitter:data1\" content=\"Vladimir Delmotte\" \/>\n\t<meta name=\"twitter:label2\" content=\"Dur\u00e9e de lecture estim\u00e9e\" \/>\n\t<meta name=\"twitter:data2\" content=\"6 minutes\" \/>\n<script type=\"application\/ld+json\" class=\"yoast-schema-graph\">{\"@context\":\"https:\/\/schema.org\",\"@graph\":[{\"@type\":\"Article\",\"@id\":\"http:\/\/www.mefamo.be\/MFMarts\/the-wicker-man-synthese-au-soleil\/#article\",\"isPartOf\":{\"@id\":\"http:\/\/www.mefamo.be\/MFMarts\/the-wicker-man-synthese-au-soleil\/\"},\"author\":{\"name\":\"Vladimir Delmotte\",\"@id\":\"https:\/\/www.mefamo.be\/MFMarts\/#\/schema\/person\/d9c908940146fe813bfa0af4367a91e5\"},\"headline\":\"The Wicker Man : Synth\u00e8se au soleil\",\"datePublished\":\"2025-03-19T11:00:00+00:00\",\"dateModified\":\"2025-03-17T13:50:30+00:00\",\"mainEntityOfPage\":{\"@id\":\"http:\/\/www.mefamo.be\/MFMarts\/the-wicker-man-synthese-au-soleil\/\"},\"wordCount\":1084,\"commentCount\":0,\"publisher\":{\"@id\":\"https:\/\/www.mefamo.be\/MFMarts\/#organization\"},\"articleSection\":[\"Le Trou du Culte\",\"Offscreen Li\u00e8ge\"],\"inLanguage\":\"fr-FR\",\"potentialAction\":[{\"@type\":\"CommentAction\",\"name\":\"Comment\",\"target\":[\"http:\/\/www.mefamo.be\/MFMarts\/the-wicker-man-synthese-au-soleil\/#respond\"]}]},{\"@type\":\"WebPage\",\"@id\":\"http:\/\/www.mefamo.be\/MFMarts\/the-wicker-man-synthese-au-soleil\/\",\"url\":\"http:\/\/www.mefamo.be\/MFMarts\/the-wicker-man-synthese-au-soleil\/\",\"name\":\"The Wicker Man : Synth\u00e8se au soleil - Mefamo\",\"isPartOf\":{\"@id\":\"https:\/\/www.mefamo.be\/MFMarts\/#website\"},\"datePublished\":\"2025-03-19T11:00:00+00:00\",\"dateModified\":\"2025-03-17T13:50:30+00:00\",\"breadcrumb\":{\"@id\":\"http:\/\/www.mefamo.be\/MFMarts\/the-wicker-man-synthese-au-soleil\/#breadcrumb\"},\"inLanguage\":\"fr-FR\",\"potentialAction\":[{\"@type\":\"ReadAction\",\"target\":[\"http:\/\/www.mefamo.be\/MFMarts\/the-wicker-man-synthese-au-soleil\/\"]}]},{\"@type\":\"BreadcrumbList\",\"@id\":\"http:\/\/www.mefamo.be\/MFMarts\/the-wicker-man-synthese-au-soleil\/#breadcrumb\",\"itemListElement\":[{\"@type\":\"ListItem\",\"position\":1,\"name\":\"Accueil\",\"item\":\"https:\/\/www.mefamo.be\/MFMarts\/\"},{\"@type\":\"ListItem\",\"position\":2,\"name\":\"The Wicker Man : Synth\u00e8se au soleil\"}]},{\"@type\":\"WebSite\",\"@id\":\"https:\/\/www.mefamo.be\/MFMarts\/#website\",\"url\":\"https:\/\/www.mefamo.be\/MFMarts\/\",\"name\":\"Mefamo\",\"description\":\"L&#039;imaginaire en mouvement\",\"publisher\":{\"@id\":\"https:\/\/www.mefamo.be\/MFMarts\/#organization\"},\"potentialAction\":[{\"@type\":\"SearchAction\",\"target\":{\"@type\":\"EntryPoint\",\"urlTemplate\":\"https:\/\/www.mefamo.be\/MFMarts\/?s={search_term_string}\"},\"query-input\":\"required name=search_term_string\"}],\"inLanguage\":\"fr-FR\"},{\"@type\":\"Organization\",\"@id\":\"https:\/\/www.mefamo.be\/MFMarts\/#organization\",\"name\":\"Mefamo\",\"url\":\"https:\/\/www.mefamo.be\/MFMarts\/\",\"logo\":{\"@type\":\"ImageObject\",\"inLanguage\":\"fr-FR\",\"@id\":\"https:\/\/www.mefamo.be\/MFMarts\/#\/schema\/logo\/image\/\",\"url\":\"http:\/\/www.mefamo.be\/MFMarts\/wp-content\/uploads\/2016\/09\/Logo-Mefamo-e1474883034358.png\",\"contentUrl\":\"http:\/\/www.mefamo.be\/MFMarts\/wp-content\/uploads\/2016\/09\/Logo-Mefamo-e1474883034358.png\",\"width\":178,\"height\":50,\"caption\":\"Mefamo\"},\"image\":{\"@id\":\"https:\/\/www.mefamo.be\/MFMarts\/#\/schema\/logo\/image\/\"}},{\"@type\":\"Person\",\"@id\":\"https:\/\/www.mefamo.be\/MFMarts\/#\/schema\/person\/d9c908940146fe813bfa0af4367a91e5\",\"name\":\"Vladimir Delmotte\",\"image\":{\"@type\":\"ImageObject\",\"inLanguage\":\"fr-FR\",\"@id\":\"https:\/\/www.mefamo.be\/MFMarts\/#\/schema\/person\/image\/\",\"url\":\"http:\/\/www.mefamo.be\/MFMarts\/wp-content\/uploads\/2022\/10\/Vlad.jpg\",\"contentUrl\":\"http:\/\/www.mefamo.be\/MFMarts\/wp-content\/uploads\/2022\/10\/Vlad.jpg\",\"caption\":\"Vladimir Delmotte\"},\"description\":\"Dit \\\"Le Comte\\\", Vladimir est passionn\u00e9 de cin\u00e9ma depuis qu'il est tomb\u00e9 sur une rediffusion CANAL+ en crypt\u00e9 de \\\"Gorge Profonde\\\". Il n'a de cesse depuis lors de hurler sur des publics de cin\u00e9club, voire sur de simples passants dans la rue pour expliquer \u00e0 quel point les images en mouvement, c'est trop g\u00e9nial.\",\"url\":\"http:\/\/www.mefamo.be\/MFMarts\/author\/vladimir-delmotte\/\"}]}<\/script>\n<!-- \/ Yoast SEO plugin. -->","yoast_head_json":{"title":"The Wicker Man : Synth\u00e8se au soleil - Mefamo","robots":{"index":"index","follow":"follow","max-snippet":"max-snippet:-1","max-image-preview":"max-image-preview:large","max-video-preview":"max-video-preview:-1"},"canonical":"http:\/\/www.mefamo.be\/MFMarts\/the-wicker-man-synthese-au-soleil\/","og_locale":"fr_FR","og_type":"article","og_title":"The Wicker Man : Synth\u00e8se au soleil - Mefamo","og_description":"Le sous-genre de la folk-horror fait partie de l&rsquo;un des pans les plus populaires du&hellip;","og_url":"http:\/\/www.mefamo.be\/MFMarts\/the-wicker-man-synthese-au-soleil\/","og_site_name":"Mefamo","article_published_time":"2025-03-19T11:00:00+00:00","article_modified_time":"2025-03-17T13:50:30+00:00","og_image":[{"width":3000,"height":1300,"url":"http:\/\/www.mefamo.be\/MFMarts\/wp-content\/uploads\/2025\/03\/The-Wicker-Man.png","type":"image\/png"}],"author":"Vladimir Delmotte","twitter_card":"summary_large_image","twitter_misc":{"\u00c9crit par":"Vladimir Delmotte","Dur\u00e9e de lecture estim\u00e9e":"6 minutes"},"schema":{"@context":"https:\/\/schema.org","@graph":[{"@type":"Article","@id":"http:\/\/www.mefamo.be\/MFMarts\/the-wicker-man-synthese-au-soleil\/#article","isPartOf":{"@id":"http:\/\/www.mefamo.be\/MFMarts\/the-wicker-man-synthese-au-soleil\/"},"author":{"name":"Vladimir Delmotte","@id":"https:\/\/www.mefamo.be\/MFMarts\/#\/schema\/person\/d9c908940146fe813bfa0af4367a91e5"},"headline":"The Wicker Man : Synth\u00e8se au soleil","datePublished":"2025-03-19T11:00:00+00:00","dateModified":"2025-03-17T13:50:30+00:00","mainEntityOfPage":{"@id":"http:\/\/www.mefamo.be\/MFMarts\/the-wicker-man-synthese-au-soleil\/"},"wordCount":1084,"commentCount":0,"publisher":{"@id":"https:\/\/www.mefamo.be\/MFMarts\/#organization"},"articleSection":["Le Trou du Culte","Offscreen Li\u00e8ge"],"inLanguage":"fr-FR","potentialAction":[{"@type":"CommentAction","name":"Comment","target":["http:\/\/www.mefamo.be\/MFMarts\/the-wicker-man-synthese-au-soleil\/#respond"]}]},{"@type":"WebPage","@id":"http:\/\/www.mefamo.be\/MFMarts\/the-wicker-man-synthese-au-soleil\/","url":"http:\/\/www.mefamo.be\/MFMarts\/the-wicker-man-synthese-au-soleil\/","name":"The Wicker Man : Synth\u00e8se au soleil - Mefamo","isPartOf":{"@id":"https:\/\/www.mefamo.be\/MFMarts\/#website"},"datePublished":"2025-03-19T11:00:00+00:00","dateModified":"2025-03-17T13:50:30+00:00","breadcrumb":{"@id":"http:\/\/www.mefamo.be\/MFMarts\/the-wicker-man-synthese-au-soleil\/#breadcrumb"},"inLanguage":"fr-FR","potentialAction":[{"@type":"ReadAction","target":["http:\/\/www.mefamo.be\/MFMarts\/the-wicker-man-synthese-au-soleil\/"]}]},{"@type":"BreadcrumbList","@id":"http:\/\/www.mefamo.be\/MFMarts\/the-wicker-man-synthese-au-soleil\/#breadcrumb","itemListElement":[{"@type":"ListItem","position":1,"name":"Accueil","item":"https:\/\/www.mefamo.be\/MFMarts\/"},{"@type":"ListItem","position":2,"name":"The Wicker Man : Synth\u00e8se au soleil"}]},{"@type":"WebSite","@id":"https:\/\/www.mefamo.be\/MFMarts\/#website","url":"https:\/\/www.mefamo.be\/MFMarts\/","name":"Mefamo","description":"L&#039;imaginaire en mouvement","publisher":{"@id":"https:\/\/www.mefamo.be\/MFMarts\/#organization"},"potentialAction":[{"@type":"SearchAction","target":{"@type":"EntryPoint","urlTemplate":"https:\/\/www.mefamo.be\/MFMarts\/?s={search_term_string}"},"query-input":"required name=search_term_string"}],"inLanguage":"fr-FR"},{"@type":"Organization","@id":"https:\/\/www.mefamo.be\/MFMarts\/#organization","name":"Mefamo","url":"https:\/\/www.mefamo.be\/MFMarts\/","logo":{"@type":"ImageObject","inLanguage":"fr-FR","@id":"https:\/\/www.mefamo.be\/MFMarts\/#\/schema\/logo\/image\/","url":"http:\/\/www.mefamo.be\/MFMarts\/wp-content\/uploads\/2016\/09\/Logo-Mefamo-e1474883034358.png","contentUrl":"http:\/\/www.mefamo.be\/MFMarts\/wp-content\/uploads\/2016\/09\/Logo-Mefamo-e1474883034358.png","width":178,"height":50,"caption":"Mefamo"},"image":{"@id":"https:\/\/www.mefamo.be\/MFMarts\/#\/schema\/logo\/image\/"}},{"@type":"Person","@id":"https:\/\/www.mefamo.be\/MFMarts\/#\/schema\/person\/d9c908940146fe813bfa0af4367a91e5","name":"Vladimir Delmotte","image":{"@type":"ImageObject","inLanguage":"fr-FR","@id":"https:\/\/www.mefamo.be\/MFMarts\/#\/schema\/person\/image\/","url":"http:\/\/www.mefamo.be\/MFMarts\/wp-content\/uploads\/2022\/10\/Vlad.jpg","contentUrl":"http:\/\/www.mefamo.be\/MFMarts\/wp-content\/uploads\/2022\/10\/Vlad.jpg","caption":"Vladimir Delmotte"},"description":"Dit \"Le Comte\", Vladimir est passionn\u00e9 de cin\u00e9ma depuis qu'il est tomb\u00e9 sur une rediffusion CANAL+ en crypt\u00e9 de \"Gorge Profonde\". Il n'a de cesse depuis lors de hurler sur des publics de cin\u00e9club, voire sur de simples passants dans la rue pour expliquer \u00e0 quel point les images en mouvement, c'est trop g\u00e9nial.","url":"http:\/\/www.mefamo.be\/MFMarts\/author\/vladimir-delmotte\/"}]}},"_links":{"self":[{"href":"http:\/\/www.mefamo.be\/MFMarts\/wp-json\/wp\/v2\/posts\/5904"}],"collection":[{"href":"http:\/\/www.mefamo.be\/MFMarts\/wp-json\/wp\/v2\/posts"}],"about":[{"href":"http:\/\/www.mefamo.be\/MFMarts\/wp-json\/wp\/v2\/types\/post"}],"author":[{"embeddable":true,"href":"http:\/\/www.mefamo.be\/MFMarts\/wp-json\/wp\/v2\/users\/3"}],"replies":[{"embeddable":true,"href":"http:\/\/www.mefamo.be\/MFMarts\/wp-json\/wp\/v2\/comments?post=5904"}],"version-history":[{"count":8,"href":"http:\/\/www.mefamo.be\/MFMarts\/wp-json\/wp\/v2\/posts\/5904\/revisions"}],"predecessor-version":[{"id":5918,"href":"http:\/\/www.mefamo.be\/MFMarts\/wp-json\/wp\/v2\/posts\/5904\/revisions\/5918"}],"wp:featuredmedia":[{"embeddable":true,"href":"http:\/\/www.mefamo.be\/MFMarts\/wp-json\/wp\/v2\/media\/5905"}],"wp:attachment":[{"href":"http:\/\/www.mefamo.be\/MFMarts\/wp-json\/wp\/v2\/media?parent=5904"}],"wp:term":[{"taxonomy":"category","embeddable":true,"href":"http:\/\/www.mefamo.be\/MFMarts\/wp-json\/wp\/v2\/categories?post=5904"},{"taxonomy":"post_tag","embeddable":true,"href":"http:\/\/www.mefamo.be\/MFMarts\/wp-json\/wp\/v2\/tags?post=5904"}],"curies":[{"name":"wp","href":"https:\/\/api.w.org\/{rel}","templated":true}]}}