{"id":5753,"date":"2024-06-24T18:27:52","date_gmt":"2024-06-24T17:27:52","guid":{"rendered":"https:\/\/www.mefamo.be\/MFMarts\/?p=5753"},"modified":"2025-01-13T12:48:15","modified_gmt":"2025-01-13T11:48:15","slug":"fabio-frizzi","status":"publish","type":"post","link":"http:\/\/www.mefamo.be\/MFMarts\/fabio-frizzi\/","title":{"rendered":"Fabio Frizzi"},"content":{"rendered":"\t\t<div data-elementor-type=\"wp-post\" data-elementor-id=\"5753\" class=\"elementor elementor-5753\">\n\t\t\t\t\t\t<section class=\"elementor-section elementor-top-section elementor-element elementor-element-c1413d7 elementor-section-boxed elementor-section-height-default elementor-section-height-default\" data-id=\"c1413d7\" data-element_type=\"section\">\n\t\t\t\t\t\t<div class=\"elementor-container elementor-column-gap-default\">\n\t\t\t\t\t<div class=\"elementor-column elementor-col-100 elementor-top-column elementor-element elementor-element-515451a\" data-id=\"515451a\" data-element_type=\"column\">\n\t\t\t<div class=\"elementor-widget-wrap elementor-element-populated\">\n\t\t\t\t\t\t<div class=\"elementor-element elementor-element-54d7618 elementor-widget elementor-widget-text-editor\" data-id=\"54d7618\" data-element_type=\"widget\" data-widget_type=\"text-editor.default\">\n\t\t\t\t<div class=\"elementor-widget-container\">\n\t\t\t<style>\/*! elementor - v3.19.0 - 07-02-2024 *\/\n.elementor-widget-text-editor.elementor-drop-cap-view-stacked .elementor-drop-cap{background-color:#69727d;color:#fff}.elementor-widget-text-editor.elementor-drop-cap-view-framed .elementor-drop-cap{color:#69727d;border:3px solid;background-color:transparent}.elementor-widget-text-editor:not(.elementor-drop-cap-view-default) .elementor-drop-cap{margin-top:8px}.elementor-widget-text-editor:not(.elementor-drop-cap-view-default) .elementor-drop-cap-letter{width:1em;height:1em}.elementor-widget-text-editor .elementor-drop-cap{float:left;text-align:center;line-height:1;font-size:50px}.elementor-widget-text-editor .elementor-drop-cap-letter{display:inline-block}<\/style>\t\t\t\t<b id=\"red\">L&rsquo;\u00e9dition 2024 du BIFFF fut, comme chaque ann\u00e9e, l&rsquo;occasion de d\u00e9couvertes de nombreux m\u00e9trages, mais \u00e9galement de rencontres avec plusieurs invit\u00e9s de renoms. Lors de cette 42e it\u00e9ration de ce festival de cin\u00e9ma fantastique, le guest le plus notable \u00e0 faire acte de pr\u00e9sence est probablement Fabio Frizzi, c\u00e9l\u00e8bre compositeur italien qui aura sign\u00e9 plusieurs bandes originales de classiques de l&rsquo;horreur dans son pays natal.<\/b>\n<\/br><\/br>\n<center><img decoding=\"async\" src=\"https:\/\/zupimages.net\/up\/24\/26\/t02u.png\" \/><\/center><\/br><\/br>Avec des artistes de l\u00e9gende comme <em id=\"red\">Ennio Morricone<\/em> ou <em id=\"red\">Nino Rota<\/em>, l&rsquo;Italie peut se vanter d&rsquo;avoir eu droit \u00e0 son lot de musiciens extr\u00eamement talentueux ayant offici\u00e9 dans l&rsquo;industrie cin\u00e9matographique. <em id=\"red\">Fabio Frizzi<\/em> de son c\u00f4t\u00e9, s&rsquo;il reste certes moins connu que ses contemporains pr\u00e9c\u00e9demment cit\u00e9s, va s&rsquo;imposer comme l&rsquo;un des compositeurs le plus important du cin\u00e9ma italien des ann\u00e9es 70.\n<\/br><\/br>\nFils d&rsquo;un directeur d&rsquo;une boite de distribution de films italiens, Fabio Frizzi na\u00eet en 1951 et grandit en se passionnant pour le cin\u00e9ma ainsi que pour la musique. Il va commencer \u00e0 pratiquer d\u00e8s les d\u00e9buts de son adolescence divers instruments dont le piano, mais il gardera un penchant certain pour la guitare acoustique. Il s&rsquo;\u00e9duque aupr\u00e8s de sa famille partageant ses passions, joue dans des petits groupes locaux et finit d\u00e9but de la vingtaine par se voir offrir son premier projet de composition de bande originale. Il s&rsquo;agira d&rsquo;un long-m\u00e9trage \u00e9rotique s&rsquo;intitulant <b id=\"red\">Amore Libro<\/b>, sorti en 1974. Un d\u00e9but de carri\u00e8re peu marquant, mais qui permettra au jeune musicien de travailler officiellement dans le domaine du cin\u00e9ma. Ce premier projet va permettre \u00e0 Frizzi de travailler par la suite sur des films appartenant au genre de la com\u00e9die, avec <b id=\"red\">Fantozzi<\/b> de <em id=\"red\">Luciano Salce<\/em>, mais surtout le Western Spaghetti. Il va en effet composer l&rsquo;ann\u00e9e suivante la musique de <b id=\"red\">Si ce n&rsquo;est toi, c&rsquo;est donc ton fr\u00e8re<\/b> (1975) de <em id=\"red\">Ferdinando Baldi<\/em>, avant d&rsquo;entamer sa premi\u00e8re collaboration peu de temps apr\u00e8s sur <b id=\"red\">Les 4 de l&rsquo;apocalypse<\/b> (1975) avec le cin\u00e9aste qui va d\u00e9finir le reste de sa carri\u00e8re : <em id=\"red\">Lucio Fulci<\/em>.\n<\/br><\/br>\nLa rencontre entre Fabio Frizzi et Lucio Fulci va se pr\u00e9senter comme un coup de foudre artistique total. A l&rsquo;origine, Frizzi fonctionnait dans une dynamique de trio musical avec <em id=\"red\">Carlo Bixio<\/em> et <em id=\"red\">Vince Tempera<\/em>, mais c&rsquo;est cette rencontre avec le cin\u00e9aste italien qui va petit \u00e0 petit le mener \u00e0 travailler en son propre nom. C&rsquo;est finalement en \u00e9tant engag\u00e9 sur les films de Lucio Fulci que le jeune compositeur va, selon ses dires, le mieux d\u00e9velopper tout son moteur cr\u00e9atif ainsi que sa compr\u00e9hension de la conception d&rsquo;une bande originale de long-m\u00e9trage. Leur relation fut par moment assez tendue, Fulci \u00e9tait r\u00e9put\u00e9 pour ne pas faire partie des r\u00e9alisateurs avec qui il \u00e9tait simple de collaborer, mais aura permis aux 2 artistes d&rsquo;atteindre une forme de vision commune sur leurs diff\u00e9rents projets. Fabio Frizzi aura certes d\u00e9but\u00e9 par le western spaghetti, mais c&rsquo;est finalement bien dans le cin\u00e9ma horrifique, sans pour autant qu&rsquo;il soit sp\u00e9cialement amateur du genre \u00e0 l&rsquo;origine, qu&rsquo;il va construire et \u00e9tablir sa patte artistique et ce pourquoi on le retient principalement aujourd&rsquo;hui.\n<\/br><\/br>\nLa liste des bandes originales cultes n\u00e9es de cette collaboration est longue. S&rsquo;il fallait cependant en retenir quelques-unes, les regards se tourneraient avant tout vers <b id=\"red\">Frayeurs<\/b> (1980), <b id=\"red\">L&rsquo;Au-Dela<\/b> (1981) et bien \u00e9videmment <b id=\"red\">Zombi 2 :L&rsquo;enfer des Zombies<\/b> (1979) qui est par ailleurs la suite non officielle du <b id=\"red\">Dawn of the Dead<\/b> (1978) de <em id=\"red\">George A.Romero<\/em>. A l&rsquo;\u00e9coute de ces diff\u00e9rentes soundtracks, l&rsquo;ambiance si particuli\u00e8re du cin\u00e9ma de Fulci et, par extension, du cin\u00e9ma horrifique italien des seventies, semble parfaitement retranscrite. Il y a un aspect profond\u00e9ment homog\u00e8ne dans les r\u00e9sultats dans cette association artistique. L&rsquo;assemblage de sons pr\u00e9sent\u00e9s semble vouloir toucher \u00e0 de multiples \u00e9motions tout en cherchant \u00e0 rendre la musique la plus audible possible, la rendant m\u00eame parfaitement \u00e9coutable ind\u00e9pendamment du m\u00e9dia film. Nous y retrouvons une patte unique rappelant le mythique groupe <em id=\"red\">Goblin<\/em>, avec qui Fabio Frizzi aura d\u00e9j\u00e0 eu l&rsquo;occasion de collaborer \u00e0 plusieurs reprises. Les m\u00e9lodies du compositeur italien vont laisser un impact non n\u00e9gligeable sur tout ce pan de cin\u00e9ma, si bien que certains r\u00e9alisateurs de renom, tel que <em id=\"red\">Quentin Tarantino<\/em>, iront jusqu&rsquo;\u00e0 r\u00e9utiliser certain de ses morceaux. Ce fut notamment le cas dans <b id=\"red\">Kill Bill Vol.1<\/b> qui r\u00e9utilisa le th\u00e8me principal de <b id=\"red\">L&rsquo;Emmur\u00e9e Vivante<\/b> (1977), preuve que cet assemblage musical perdure. C&rsquo;est en tout cas ce travail de longue dur\u00e9e avec Lucio Fulci qui permit \u00e0 Frizzi d&rsquo;atteindre une notori\u00e9t\u00e9 internationale.\n<\/br><\/br>\nPass\u00e9 le cap des ann\u00e9es 90, le compositeur va se lancer dans la mise en place de nombreux concerts, que cela soit de ses propres morceaux ou de reprises de classiques de la musique italienne, reprenant ainsi du <em id=\"red\">Riz Ortolani<\/em> ou du <em id=\"red\">Nino Rota<\/em>. Il poursuit cette activit\u00e9 encore de nos jours, reprenant g\u00e9n\u00e9ralement depuis d\u00e9but 2010 uniquement ses compositions pour les films de Lucio Fulci.\n<\/br><\/br>\nAujourd&rsquo;hui, Fabio Frizzi est toujours actif, ayant sign\u00e9 de nouvelles bandes originales comme <b id=\"red\">Puppet Master: The Littlest Reich<\/b> (2018), mais il est surtout toujours \u00e0 la recherche de nouveaux projets. Il soutient entre autre des films de jeunes r\u00e9alisateurs\/trices voulant se lancer dans le m\u00e9tier. Le hasard du calendrier faisait d&rsquo;ailleurs que le court-m\u00e9trage <b id=\"red\">A la limite<\/b> (2024) de <em id=\"red\">Clotilde Colson<\/em>, projet\u00e9 dans la traditionnelle \u00ab belgian short film competition \u00bb durant cette \u00e9dition du BIFFF, avait la chance d&rsquo;avoir Frizzi en tant que compositeur du film. Le compositeur aura d&rsquo;ailleurs \u00e9t\u00e9 fait chevalier des ordres du corbeau avant sa masterclass au cours de laquelle il aura offert avec loquacit\u00e9 un panorama tr\u00e8s large de l\u2019ensemble de sa carri\u00e8re.\t\t\t\t\t\t<\/div>\n\t\t\t\t<\/div>\n\t\t\t\t\t<\/div>\n\t\t<\/div>\n\t\t\t\t\t<\/div>\n\t\t<\/section>\n\t\t\t\t<section class=\"elementor-section elementor-top-section elementor-element elementor-element-55ab964 elementor-section-boxed elementor-section-height-default elementor-section-height-default\" data-id=\"55ab964\" data-element_type=\"section\">\n\t\t\t\t\t\t<div class=\"elementor-container elementor-column-gap-default\">\n\t\t\t\t\t<div class=\"elementor-column elementor-col-100 elementor-top-column elementor-element elementor-element-84f8c0c\" data-id=\"84f8c0c\" data-element_type=\"column\">\n\t\t\t<div class=\"elementor-widget-wrap elementor-element-populated\">\n\t\t\t\t\t\t<div class=\"elementor-element elementor-element-9e19c41 elementor-widget elementor-widget-html\" data-id=\"9e19c41\" data-element_type=\"widget\" data-widget_type=\"html.default\">\n\t\t\t\t<div class=\"elementor-widget-container\">\n\t\t\t<div class=\"rectangleAuteur\">\r\n<img decoding=\"async\" class=\"imgqui1\" src=\"https:\/\/zupimages.net\/up\/23\/14\/beuz.png\"\/>\r\n  <p class=\"titrequi2\">Vladimir Delmotte<\/p>\r\n  <div class=\"quibar\"><\/div>\r\n    <p class=\"pqui1\">\r\n       Dit \"Le Comte\", Vladimir est passionn\u00e9 de cin\u00e9ma depuis qu'il est tomb\u00e9 sur une rediffusion CANAL+ en crypt\u00e9 de \"Gorge Profonde\". Il n'a de cesse depuis lors de hurler sur des publics de cin\u00e9club, voire sur de simples passants dans la rue pour expliquer \u00e0 quel point les images en mouvement, c'est trop g\u00e9nial.\r\n     <\/br><\/br>\r\n     <a href=\"http:\/\/www.mefamo.be\/MFMarts\/author\/vladimir-delmotte\/\"><u>Plus de publications<\/u> <\/a>\r\n\r\n     <\/p>     <\/div>\t\t<\/div>\n\t\t\t\t<\/div>\n\t\t\t\t\t<\/div>\n\t\t<\/div>\n\t\t\t\t\t<\/div>\n\t\t<\/section>\n\t\t\t\t<section class=\"elementor-section elementor-top-section elementor-element elementor-element-6504e72 elementor-section-boxed elementor-section-height-default elementor-section-height-default\" data-id=\"6504e72\" data-element_type=\"section\">\n\t\t\t\t\t\t<div class=\"elementor-container elementor-column-gap-default\">\n\t\t\t\t\t<div class=\"elementor-column elementor-col-100 elementor-top-column elementor-element elementor-element-0562001\" data-id=\"0562001\" data-element_type=\"column\">\n\t\t\t<div class=\"elementor-widget-wrap elementor-element-populated\">\n\t\t\t\t\t\t<div class=\"elementor-element elementor-element-36720b1 elementor-widget elementor-widget-html\" data-id=\"36720b1\" data-element_type=\"widget\" data-widget_type=\"html.default\">\n\t\t\t\t<div class=\"elementor-widget-container\">\n\t\t\t<a href=\"https:\/\/www.mefamo.be\/MFMarts\/interview-christina-lindberg\/\" style=\"font-size:60px;margin-right:400px;margin-left:300px;\">\u25c4<\/a><a href=\"https:\/\/www.mefamo.be\/MFMarts\/bifff-2024\/\" style=\"font-size:60px\";>\u25ba<\/a>\t\t<\/div>\n\t\t\t\t<\/div>\n\t\t\t\t\t<\/div>\n\t\t<\/div>\n\t\t\t\t\t<\/div>\n\t\t<\/section>\n\t\t\t\t<\/div>\n\t\t","protected":false},"excerpt":{"rendered":"<p>L&rsquo;\u00e9dition 2024 du BIFFF fut, comme chaque ann\u00e9e, l&rsquo;occasion de d\u00e9couvertes de nombreux m\u00e9trages, mais&hellip;<\/p>\n","protected":false},"author":3,"featured_media":5829,"comment_status":"open","ping_status":"open","sticky":false,"template":"","format":"standard","meta":[],"categories":[58],"tags":[],"yoast_head":"<!-- This site is optimized with the Yoast SEO plugin v20.2.1 - https:\/\/yoast.com\/wordpress\/plugins\/seo\/ -->\n<title>Fabio Frizzi - Mefamo<\/title>\n<meta name=\"robots\" content=\"index, follow, max-snippet:-1, max-image-preview:large, max-video-preview:-1\" \/>\n<link rel=\"canonical\" href=\"http:\/\/www.mefamo.be\/MFMarts\/fabio-frizzi\/\" \/>\n<meta property=\"og:locale\" content=\"fr_FR\" \/>\n<meta property=\"og:type\" content=\"article\" \/>\n<meta property=\"og:title\" content=\"Fabio Frizzi - Mefamo\" \/>\n<meta property=\"og:description\" content=\"L&rsquo;\u00e9dition 2024 du BIFFF fut, comme chaque ann\u00e9e, l&rsquo;occasion de d\u00e9couvertes de nombreux m\u00e9trages, mais&hellip;\" \/>\n<meta property=\"og:url\" content=\"http:\/\/www.mefamo.be\/MFMarts\/fabio-frizzi\/\" \/>\n<meta property=\"og:site_name\" content=\"Mefamo\" \/>\n<meta property=\"article:published_time\" content=\"2024-06-24T17:27:52+00:00\" \/>\n<meta property=\"article:modified_time\" content=\"2025-01-13T11:48:15+00:00\" \/>\n<meta property=\"og:image\" content=\"http:\/\/www.mefamo.be\/MFMarts\/wp-content\/uploads\/2016\/03\/Fabio-Frizzi.png\" \/>\n\t<meta property=\"og:image:width\" content=\"3000\" \/>\n\t<meta property=\"og:image:height\" content=\"1300\" \/>\n\t<meta property=\"og:image:type\" content=\"image\/png\" \/>\n<meta name=\"author\" content=\"Vladimir Delmotte\" \/>\n<meta name=\"twitter:card\" content=\"summary_large_image\" \/>\n<meta name=\"twitter:label1\" content=\"\u00c9crit par\" \/>\n\t<meta name=\"twitter:data1\" content=\"Vladimir Delmotte\" \/>\n\t<meta name=\"twitter:label2\" content=\"Dur\u00e9e de lecture estim\u00e9e\" \/>\n\t<meta name=\"twitter:data2\" content=\"6 minutes\" \/>\n<script type=\"application\/ld+json\" class=\"yoast-schema-graph\">{\"@context\":\"https:\/\/schema.org\",\"@graph\":[{\"@type\":\"Article\",\"@id\":\"http:\/\/www.mefamo.be\/MFMarts\/fabio-frizzi\/#article\",\"isPartOf\":{\"@id\":\"http:\/\/www.mefamo.be\/MFMarts\/fabio-frizzi\/\"},\"author\":{\"name\":\"Vladimir Delmotte\",\"@id\":\"https:\/\/www.mefamo.be\/MFMarts\/#\/schema\/person\/d9c908940146fe813bfa0af4367a91e5\"},\"headline\":\"Fabio Frizzi\",\"datePublished\":\"2024-06-24T17:27:52+00:00\",\"dateModified\":\"2025-01-13T11:48:15+00:00\",\"mainEntityOfPage\":{\"@id\":\"http:\/\/www.mefamo.be\/MFMarts\/fabio-frizzi\/\"},\"wordCount\":1032,\"commentCount\":0,\"publisher\":{\"@id\":\"https:\/\/www.mefamo.be\/MFMarts\/#organization\"},\"articleSection\":[\"Le Trou du Culte\"],\"inLanguage\":\"fr-FR\",\"potentialAction\":[{\"@type\":\"CommentAction\",\"name\":\"Comment\",\"target\":[\"http:\/\/www.mefamo.be\/MFMarts\/fabio-frizzi\/#respond\"]}]},{\"@type\":\"WebPage\",\"@id\":\"http:\/\/www.mefamo.be\/MFMarts\/fabio-frizzi\/\",\"url\":\"http:\/\/www.mefamo.be\/MFMarts\/fabio-frizzi\/\",\"name\":\"Fabio Frizzi - Mefamo\",\"isPartOf\":{\"@id\":\"https:\/\/www.mefamo.be\/MFMarts\/#website\"},\"datePublished\":\"2024-06-24T17:27:52+00:00\",\"dateModified\":\"2025-01-13T11:48:15+00:00\",\"breadcrumb\":{\"@id\":\"http:\/\/www.mefamo.be\/MFMarts\/fabio-frizzi\/#breadcrumb\"},\"inLanguage\":\"fr-FR\",\"potentialAction\":[{\"@type\":\"ReadAction\",\"target\":[\"http:\/\/www.mefamo.be\/MFMarts\/fabio-frizzi\/\"]}]},{\"@type\":\"BreadcrumbList\",\"@id\":\"http:\/\/www.mefamo.be\/MFMarts\/fabio-frizzi\/#breadcrumb\",\"itemListElement\":[{\"@type\":\"ListItem\",\"position\":1,\"name\":\"Accueil\",\"item\":\"https:\/\/www.mefamo.be\/MFMarts\/\"},{\"@type\":\"ListItem\",\"position\":2,\"name\":\"Fabio Frizzi\"}]},{\"@type\":\"WebSite\",\"@id\":\"https:\/\/www.mefamo.be\/MFMarts\/#website\",\"url\":\"https:\/\/www.mefamo.be\/MFMarts\/\",\"name\":\"Mefamo\",\"description\":\"L&#039;imaginaire en mouvement\",\"publisher\":{\"@id\":\"https:\/\/www.mefamo.be\/MFMarts\/#organization\"},\"potentialAction\":[{\"@type\":\"SearchAction\",\"target\":{\"@type\":\"EntryPoint\",\"urlTemplate\":\"https:\/\/www.mefamo.be\/MFMarts\/?s={search_term_string}\"},\"query-input\":\"required name=search_term_string\"}],\"inLanguage\":\"fr-FR\"},{\"@type\":\"Organization\",\"@id\":\"https:\/\/www.mefamo.be\/MFMarts\/#organization\",\"name\":\"Mefamo\",\"url\":\"https:\/\/www.mefamo.be\/MFMarts\/\",\"logo\":{\"@type\":\"ImageObject\",\"inLanguage\":\"fr-FR\",\"@id\":\"https:\/\/www.mefamo.be\/MFMarts\/#\/schema\/logo\/image\/\",\"url\":\"http:\/\/www.mefamo.be\/MFMarts\/wp-content\/uploads\/2016\/09\/Logo-Mefamo-e1474883034358.png\",\"contentUrl\":\"http:\/\/www.mefamo.be\/MFMarts\/wp-content\/uploads\/2016\/09\/Logo-Mefamo-e1474883034358.png\",\"width\":178,\"height\":50,\"caption\":\"Mefamo\"},\"image\":{\"@id\":\"https:\/\/www.mefamo.be\/MFMarts\/#\/schema\/logo\/image\/\"}},{\"@type\":\"Person\",\"@id\":\"https:\/\/www.mefamo.be\/MFMarts\/#\/schema\/person\/d9c908940146fe813bfa0af4367a91e5\",\"name\":\"Vladimir Delmotte\",\"image\":{\"@type\":\"ImageObject\",\"inLanguage\":\"fr-FR\",\"@id\":\"https:\/\/www.mefamo.be\/MFMarts\/#\/schema\/person\/image\/\",\"url\":\"http:\/\/www.mefamo.be\/MFMarts\/wp-content\/uploads\/2022\/10\/Vlad.jpg\",\"contentUrl\":\"http:\/\/www.mefamo.be\/MFMarts\/wp-content\/uploads\/2022\/10\/Vlad.jpg\",\"caption\":\"Vladimir Delmotte\"},\"description\":\"Dit \\\"Le Comte\\\", Vladimir est passionn\u00e9 de cin\u00e9ma depuis qu'il est tomb\u00e9 sur une rediffusion CANAL+ en crypt\u00e9 de \\\"Gorge Profonde\\\". Il n'a de cesse depuis lors de hurler sur des publics de cin\u00e9club, voire sur de simples passants dans la rue pour expliquer \u00e0 quel point les images en mouvement, c'est trop g\u00e9nial.\",\"url\":\"http:\/\/www.mefamo.be\/MFMarts\/author\/vladimir-delmotte\/\"}]}<\/script>\n<!-- \/ Yoast SEO plugin. -->","yoast_head_json":{"title":"Fabio Frizzi - Mefamo","robots":{"index":"index","follow":"follow","max-snippet":"max-snippet:-1","max-image-preview":"max-image-preview:large","max-video-preview":"max-video-preview:-1"},"canonical":"http:\/\/www.mefamo.be\/MFMarts\/fabio-frizzi\/","og_locale":"fr_FR","og_type":"article","og_title":"Fabio Frizzi - Mefamo","og_description":"L&rsquo;\u00e9dition 2024 du BIFFF fut, comme chaque ann\u00e9e, l&rsquo;occasion de d\u00e9couvertes de nombreux m\u00e9trages, mais&hellip;","og_url":"http:\/\/www.mefamo.be\/MFMarts\/fabio-frizzi\/","og_site_name":"Mefamo","article_published_time":"2024-06-24T17:27:52+00:00","article_modified_time":"2025-01-13T11:48:15+00:00","og_image":[{"width":3000,"height":1300,"url":"http:\/\/www.mefamo.be\/MFMarts\/wp-content\/uploads\/2016\/03\/Fabio-Frizzi.png","type":"image\/png"}],"author":"Vladimir Delmotte","twitter_card":"summary_large_image","twitter_misc":{"\u00c9crit par":"Vladimir Delmotte","Dur\u00e9e de lecture estim\u00e9e":"6 minutes"},"schema":{"@context":"https:\/\/schema.org","@graph":[{"@type":"Article","@id":"http:\/\/www.mefamo.be\/MFMarts\/fabio-frizzi\/#article","isPartOf":{"@id":"http:\/\/www.mefamo.be\/MFMarts\/fabio-frizzi\/"},"author":{"name":"Vladimir Delmotte","@id":"https:\/\/www.mefamo.be\/MFMarts\/#\/schema\/person\/d9c908940146fe813bfa0af4367a91e5"},"headline":"Fabio Frizzi","datePublished":"2024-06-24T17:27:52+00:00","dateModified":"2025-01-13T11:48:15+00:00","mainEntityOfPage":{"@id":"http:\/\/www.mefamo.be\/MFMarts\/fabio-frizzi\/"},"wordCount":1032,"commentCount":0,"publisher":{"@id":"https:\/\/www.mefamo.be\/MFMarts\/#organization"},"articleSection":["Le Trou du Culte"],"inLanguage":"fr-FR","potentialAction":[{"@type":"CommentAction","name":"Comment","target":["http:\/\/www.mefamo.be\/MFMarts\/fabio-frizzi\/#respond"]}]},{"@type":"WebPage","@id":"http:\/\/www.mefamo.be\/MFMarts\/fabio-frizzi\/","url":"http:\/\/www.mefamo.be\/MFMarts\/fabio-frizzi\/","name":"Fabio Frizzi - Mefamo","isPartOf":{"@id":"https:\/\/www.mefamo.be\/MFMarts\/#website"},"datePublished":"2024-06-24T17:27:52+00:00","dateModified":"2025-01-13T11:48:15+00:00","breadcrumb":{"@id":"http:\/\/www.mefamo.be\/MFMarts\/fabio-frizzi\/#breadcrumb"},"inLanguage":"fr-FR","potentialAction":[{"@type":"ReadAction","target":["http:\/\/www.mefamo.be\/MFMarts\/fabio-frizzi\/"]}]},{"@type":"BreadcrumbList","@id":"http:\/\/www.mefamo.be\/MFMarts\/fabio-frizzi\/#breadcrumb","itemListElement":[{"@type":"ListItem","position":1,"name":"Accueil","item":"https:\/\/www.mefamo.be\/MFMarts\/"},{"@type":"ListItem","position":2,"name":"Fabio Frizzi"}]},{"@type":"WebSite","@id":"https:\/\/www.mefamo.be\/MFMarts\/#website","url":"https:\/\/www.mefamo.be\/MFMarts\/","name":"Mefamo","description":"L&#039;imaginaire en mouvement","publisher":{"@id":"https:\/\/www.mefamo.be\/MFMarts\/#organization"},"potentialAction":[{"@type":"SearchAction","target":{"@type":"EntryPoint","urlTemplate":"https:\/\/www.mefamo.be\/MFMarts\/?s={search_term_string}"},"query-input":"required name=search_term_string"}],"inLanguage":"fr-FR"},{"@type":"Organization","@id":"https:\/\/www.mefamo.be\/MFMarts\/#organization","name":"Mefamo","url":"https:\/\/www.mefamo.be\/MFMarts\/","logo":{"@type":"ImageObject","inLanguage":"fr-FR","@id":"https:\/\/www.mefamo.be\/MFMarts\/#\/schema\/logo\/image\/","url":"http:\/\/www.mefamo.be\/MFMarts\/wp-content\/uploads\/2016\/09\/Logo-Mefamo-e1474883034358.png","contentUrl":"http:\/\/www.mefamo.be\/MFMarts\/wp-content\/uploads\/2016\/09\/Logo-Mefamo-e1474883034358.png","width":178,"height":50,"caption":"Mefamo"},"image":{"@id":"https:\/\/www.mefamo.be\/MFMarts\/#\/schema\/logo\/image\/"}},{"@type":"Person","@id":"https:\/\/www.mefamo.be\/MFMarts\/#\/schema\/person\/d9c908940146fe813bfa0af4367a91e5","name":"Vladimir Delmotte","image":{"@type":"ImageObject","inLanguage":"fr-FR","@id":"https:\/\/www.mefamo.be\/MFMarts\/#\/schema\/person\/image\/","url":"http:\/\/www.mefamo.be\/MFMarts\/wp-content\/uploads\/2022\/10\/Vlad.jpg","contentUrl":"http:\/\/www.mefamo.be\/MFMarts\/wp-content\/uploads\/2022\/10\/Vlad.jpg","caption":"Vladimir Delmotte"},"description":"Dit \"Le Comte\", Vladimir est passionn\u00e9 de cin\u00e9ma depuis qu'il est tomb\u00e9 sur une rediffusion CANAL+ en crypt\u00e9 de \"Gorge Profonde\". Il n'a de cesse depuis lors de hurler sur des publics de cin\u00e9club, voire sur de simples passants dans la rue pour expliquer \u00e0 quel point les images en mouvement, c'est trop g\u00e9nial.","url":"http:\/\/www.mefamo.be\/MFMarts\/author\/vladimir-delmotte\/"}]}},"_links":{"self":[{"href":"http:\/\/www.mefamo.be\/MFMarts\/wp-json\/wp\/v2\/posts\/5753"}],"collection":[{"href":"http:\/\/www.mefamo.be\/MFMarts\/wp-json\/wp\/v2\/posts"}],"about":[{"href":"http:\/\/www.mefamo.be\/MFMarts\/wp-json\/wp\/v2\/types\/post"}],"author":[{"embeddable":true,"href":"http:\/\/www.mefamo.be\/MFMarts\/wp-json\/wp\/v2\/users\/3"}],"replies":[{"embeddable":true,"href":"http:\/\/www.mefamo.be\/MFMarts\/wp-json\/wp\/v2\/comments?post=5753"}],"version-history":[{"count":11,"href":"http:\/\/www.mefamo.be\/MFMarts\/wp-json\/wp\/v2\/posts\/5753\/revisions"}],"predecessor-version":[{"id":5883,"href":"http:\/\/www.mefamo.be\/MFMarts\/wp-json\/wp\/v2\/posts\/5753\/revisions\/5883"}],"wp:featuredmedia":[{"embeddable":true,"href":"http:\/\/www.mefamo.be\/MFMarts\/wp-json\/wp\/v2\/media\/5829"}],"wp:attachment":[{"href":"http:\/\/www.mefamo.be\/MFMarts\/wp-json\/wp\/v2\/media?parent=5753"}],"wp:term":[{"taxonomy":"category","embeddable":true,"href":"http:\/\/www.mefamo.be\/MFMarts\/wp-json\/wp\/v2\/categories?post=5753"},{"taxonomy":"post_tag","embeddable":true,"href":"http:\/\/www.mefamo.be\/MFMarts\/wp-json\/wp\/v2\/tags?post=5753"}],"curies":[{"name":"wp","href":"https:\/\/api.w.org\/{rel}","templated":true}]}}