{"id":5732,"date":"2024-05-10T20:35:34","date_gmt":"2024-05-10T19:35:34","guid":{"rendered":"https:\/\/www.mefamo.be\/MFMarts\/?p=5732"},"modified":"2025-01-13T12:47:54","modified_gmt":"2025-01-13T11:47:54","slug":"bifff-2024","status":"publish","type":"post","link":"http:\/\/www.mefamo.be\/MFMarts\/bifff-2024\/","title":{"rendered":"BIFFF 2024"},"content":{"rendered":"\t\t<div data-elementor-type=\"wp-post\" data-elementor-id=\"5732\" class=\"elementor elementor-5732\">\n\t\t\t\t\t\t<section class=\"elementor-section elementor-top-section elementor-element elementor-element-37998e0 elementor-section-boxed elementor-section-height-default elementor-section-height-default\" data-id=\"37998e0\" data-element_type=\"section\">\n\t\t\t\t\t\t<div class=\"elementor-container elementor-column-gap-default\">\n\t\t\t\t\t<div class=\"elementor-column elementor-col-100 elementor-top-column elementor-element elementor-element-2ace2c6\" data-id=\"2ace2c6\" data-element_type=\"column\">\n\t\t\t<div class=\"elementor-widget-wrap elementor-element-populated\">\n\t\t\t\t\t\t<div class=\"elementor-element elementor-element-981993f elementor-widget elementor-widget-text-editor\" data-id=\"981993f\" data-element_type=\"widget\" data-widget_type=\"text-editor.default\">\n\t\t\t\t<div class=\"elementor-widget-container\">\n\t\t\t<style>\/*! elementor - v3.19.0 - 07-02-2024 *\/\n.elementor-widget-text-editor.elementor-drop-cap-view-stacked .elementor-drop-cap{background-color:#69727d;color:#fff}.elementor-widget-text-editor.elementor-drop-cap-view-framed .elementor-drop-cap{color:#69727d;border:3px solid;background-color:transparent}.elementor-widget-text-editor:not(.elementor-drop-cap-view-default) .elementor-drop-cap{margin-top:8px}.elementor-widget-text-editor:not(.elementor-drop-cap-view-default) .elementor-drop-cap-letter{width:1em;height:1em}.elementor-widget-text-editor .elementor-drop-cap{float:left;text-align:center;line-height:1;font-size:50px}.elementor-widget-text-editor .elementor-drop-cap-letter{display:inline-block}<\/style>\t\t\t\t<p class=\"Textbody\">Le BIFFF a toujours eu pour volont\u00e9 de faire d\u00e9couvrir de nouveaux talents du cin\u00e9ma de genre officiant sur le territoire belge. Le samedi 14 avril 2024 fut donc l&rsquo;occasion de la traditionnelle \u00ab belgian short film competition \u00bb au cours de laquelle le public, venu en nombre, aura d\u00e9couvert 10 courts-m\u00e9trages vari\u00e9s aux influences et techniques multiples. La s\u00e9ance fut suivie par la remise de plusieurs prix.<\/p>\n<p class=\"Textbody\"><b id=\"red\">Les yeux d\u2019Olga de <em id=\"red\">Sarah Carlot Jaber<\/em> :<\/b><\/p>\nGagnant du prix Jeunesse, le film nous propose de suivre Olga, une vampire octog\u00e9naire, plac\u00e9e en maison de repos. Elle va subir cette nouvelle situation tout en essayant de la tourner \u00e0 son avantage en tentant de se nourrir du sang des autres r\u00e9sidents. Le court-m\u00e9trage va se d\u00e9rouler dans un noir et blanc tr\u00e8s stylis\u00e9 et va rappeler par instant les productions horrifiques de la Hammer dans l&rsquo;iconographie de son personnage principal. Au-del\u00e0 de la th\u00e9matique du vampirisme, Les Yeux d&rsquo;Olga semble essentiellement port\u00e9 par la volont\u00e9 de mettre en lumi\u00e8re les conditions de vie des personnes \u00e2g\u00e9es en milieu hospitalier tout en s&rsquo;attardant particuli\u00e8rement sur le statut f\u00e9minin. Nous pourrions parler d&rsquo;une com\u00e9die dramatique jouant des clich\u00e9s sur les vampires, et passant de la com\u00e9die au drame. <em id=\"red\">Vivianne De Muynck<\/em> y interpr\u00e8te parfaitement le personnage d&rsquo;Olga, en faisant un \u00eatre dr\u00f4le, violent et touchant dans son d\u00e9veloppement. Un film singulier et sensible sur la vieillesse o\u00f9 finalement le vampire n&rsquo;est qu&rsquo;un pr\u00e9texte pour parler d&rsquo;humanit\u00e9.\n<p class=\"Textbody\"><b id=\"red\">Birdcage de <em id=\"red\">Karel Konings<\/em> :<\/b><\/p>\nBirdcage se d\u00e9roule dans les fifties au sein d&rsquo;un h\u00f4pital tentant de soigner des enfants atteint de mutation leur conf\u00e9rant des pouvoirs destructeurs. Le lieu est rapidement pr\u00e9sent\u00e9 comme une prison ne tentant pas tant d&rsquo;apporter un rem\u00e8de \u00e0 ses pensionnaires, mais plut\u00f4t un endormissement total de leurs sens. Il nous est fait comprendre que si ces tr\u00e8s jeunes pensionnaires ne r\u00e9agissent pas correctement \u00e0 leur traitement, leur destin sera des plus funestes. Pouvant faire penser par certains aspects \u00e0 une version alternative du r\u00e9cent <b id=\"red\">Le R\u00e8gne Animal<\/b> de <em id=\"red\">Thomas Cailley<\/em>, Birdcage se d\u00e9marque cependant par son contexte et son travail de mise en sc\u00e8ne. Nous attrapons l&rsquo;univers et le contexte du film alors qu&rsquo;il semble d\u00e9j\u00e0 en plein d\u00e9veloppement, mais il donne juste ce qu&rsquo;il faut en termes d&rsquo;informations pour que le spectateur comprenne tout ce qui est en jeu \u00e0 l&rsquo;\u00e9cran malgr\u00e9 le contexte d\u2019huis-clos. Le film de Karel Konings semble se suffire \u00e0 lui-m\u00eame et entend appeler \u00e0 imaginer quelque-chose de plus grand dans tout ce qu&rsquo;il pr\u00e9sente dans un pourtant quasi huis-clos. Il a remport\u00e9 le prix BeTV lors de la c\u00e9r\u00e9monie faisant suite \u00e0 la projection.\n<p class=\"Textbody\"><b id=\"red\">Chambre 13 de <em id=\"red\">Pierre Vandamme<\/em> :<\/b><\/p>\nPierre Vandamme nous propose avec son tr\u00e8s court m\u00e9trage de suivre une forme de sketch dans lequel un homme va passer la nuit dans un h\u00f4tel lugubre et dont la pi\u00e8ce voisine, la chambre 13, va \u00eatre le th\u00e9\u00e2tre d&rsquo;\u00e9v\u00e9nements inqui\u00e9tants. Si l&rsquo;on pourrait penser \u00e0 premi\u00e8re vue que le film va s&rsquo;av\u00e9rer effrayant, il s&rsquo;agit en r\u00e9alit\u00e9 plut\u00f4t d&rsquo;une com\u00e9die horrifique jouissant d&rsquo;un humour noir prononc\u00e9 et d&rsquo;influences des codes classiques du cin\u00e9ma d&rsquo;horreur. Chambre 13 marque surtout par son travail de montage totalement ma\u00eetris\u00e9, cachant le faible budget de cette toute petite production et r\u00e9ussissant tous les effets d\u00e9sir\u00e9s. Il poss\u00e8de la dur\u00e9e la plus faible de toute la s\u00e9lection, mais parvient \u00e0 toutes ses fins et (surtout) \u00e0 s&rsquo;arr\u00eater quand il n&rsquo;a plus rien \u00e0 dire.\n<p class=\"Textbody\"><b id=\"red\">Poppy\u2019s Saturn de <em id=\"red\">Nicole Tegelaar<\/em> :<\/b><\/p>\nUne jeune chanteuse du nom de Poppy est confront\u00e9e \u00e0 d&rsquo;\u00e9tranges apparitions, elle va d\u00e9cider d&rsquo;aller voir une voyante loufoque afin de tenter de comprendre et exorciser ses d\u00e9mons. Le film de Nicole Tegelaar a remport\u00e9 le grand prix et offre un travail esth\u00e9tique d&rsquo;envergure. Film \u00e9trange se\npermettant de plonger dans un psych\u00e9d\u00e9lisme total et assum\u00e9, Poppy&rsquo;s Saturn embrasse tr\u00e8s explicitement l\u2019influence du cin\u00e9ma de <em id=\"red\">David Lynch<\/em> et propose un univers aussi inqui\u00e9tant que color\u00e9. Difficile de d\u00e9m\u00ealer la fronti\u00e8re du voile entre la r\u00e9alit\u00e9 et le fantasmagorique dans cette \u0153uvre se voulant avant tout sensorielle. L&rsquo;homme aux yeux noirs que la jeune fille aper\u00e7oit r\u00e9guli\u00e8rement est-il vraiment pr\u00e9sent ? Le m\u00e9trage semble traiter des cicatrices du pass\u00e9, de la th\u00e9matique du traumatisme, mais peut-\u00eatre \u00e9voque-t-il aussi la peur du futur. Cet ensemble offre une exp\u00e9rience presque clipesque dans laquelle l&rsquo;aspect sensitif du spectateur sera particuli\u00e8rement concern\u00e9.\n<p class=\"Textbody\"><b id=\"red\">L\u2019Investissement de <em id=\"red\">Fr\u00e9d\u00e9ric Plasman<\/em> :<\/b><\/p>\nL&rsquo;Investissement est l&rsquo;\u0153uvre touchant le plus explicitement au genre de la science-fiction de toute la s\u00e9lection. Le film pr\u00e9sente une soci\u00e9t\u00e9 dystopique semblant avoir entre autre \u00e9norm\u00e9ment emprunt\u00e9 \u00e0 <b id=\"red\">1984<\/b> de <em id=\"red\">George Orwell<\/em>. Il s&rsquo;agit dans le cas pr\u00e9sent d&rsquo;une soci\u00e9t\u00e9 o\u00f9 les \u00eatres humains sont \u00e9limin\u00e9s s&rsquo;ils sont jug\u00e9s inactifs et\/ou dysfonctionnels par rapport au syst\u00e8me en place. Il va \u00eatre propos\u00e9 au spectateur de suivre le fonctionnement d&rsquo;un centre d&rsquo;\u00e9limination, sorte d&rsquo;abattoir futuriste, au travers des yeux d&rsquo;une jeune femme. Les m\u00e9thodes de mises \u00e0 morts utilis\u00e9es seront le basculement de l&rsquo;humanit\u00e9 vers l&rsquo;animalit\u00e9. L&rsquo;\u00e9volution du regard du personnage principal sur ces proc\u00e9d\u00e9s sera l&rsquo;un des points centraux du r\u00e9cit. Fr\u00e9d\u00e9ric Plasman r\u00e9alise avec L&rsquo;investissement une forme de condens\u00e9 de tous les grands axes de la science-fiction litt\u00e9raire. Si le film peut se montrer tr\u00e8s explicatif et descriptif de ses propres concepts lors de sa derni\u00e8re partie au risque de perdre les spectateurs, il n&rsquo;en reste pas moins une \u0153uvre ambitieuse avec un travail de VFX impressionnant. Le cin\u00e9aste r\u00e9ussi \u00e0 d\u00e9velopper l&rsquo;univers autour de ce centre d&rsquo;\u00e9limination malgr\u00e9 un quasi huis-clos.\n\n<center><img decoding=\"async\" src=\"https:\/\/zupimages.net\/up\/24\/19\/60rp.png\" \/><\/center>\n<p class=\"Textbody\"><b id=\"red\">Wasteland de <em id=\"red\">Servaes Dewispelaere<\/em> :<\/b><\/p>\nProbablement le film le plus \u00e9trange de la s\u00e9lection, Wasteland peut se montre au premier abord tr\u00e8s d\u00e9contenan\u00e7ant. Une jeune femme entre dans le bureau o\u00f9 se tient un homme pour r\u00e9aliser un \u00ab test \u00bb \u00e0 l&rsquo;aide d&rsquo;un appareil \u00e9trange pouvant rappeler ceux des s\u00e9ances d&rsquo;interrogatoires dans Blade Runner. Aucune cl\u00e9 de compr\u00e9hension n&rsquo;est donn\u00e9e au spectateur, mais nous comprenons \u00eatre dans une soci\u00e9t\u00e9 futuriste relativement proche de la n\u00f4tre o\u00f9 l&rsquo;humanit\u00e9 ne semble plus ressentir d&rsquo;\u00e9motions. Le spectateur sera men\u00e9 \u00e0 suivre la vie de l&rsquo;homme ayant r\u00e9alis\u00e9 le test en question, celui semble troubl\u00e9 et ne plus arriver \u00e0 s&rsquo;accommoder au monde qui l&rsquo;entoure tout atteignant une forme de b\u00e9atitude. Wasteland semble vouloir questionner la recherche du bonheur et cette volont\u00e9 de vouloir se reconnecter \u00e0 notre humanit\u00e9 en sortant des carcans technologiques ali\u00e9nant. Anim\u00e9 d&rsquo;une sauce SF classique, le film de Sevaes Dewispelaere ne demande pas forc\u00e9ment \u00e0 \u00eatre compris dans son enti\u00e8ret\u00e9 et se veut assez sensoriel. Une \u0153uvre singuli\u00e8re, rappelant parfois <em id=\"red\">David Cronenberg<\/em> dans sa seconde partie de carri\u00e8re, pas forc\u00e9ment facile d&rsquo;acc\u00e8s, mais qui laissera de nombreuses questions apr\u00e8s son visionnage.\n<p class=\"Textbody\"><b id=\"red\">Au Suivant de <em id=\"red\">Jeanne Remi et Marco Bolla<\/em> :<\/b><\/p>\nTourn\u00e9 sans argent en une seule journ\u00e9e, Au Suivant est reparti avec le prix La Trois lors de la c\u00e9r\u00e9monie suivant la s\u00e9ance. Il s&rsquo;agit ici de suivre une jeune actrice voulant passer un casting pour un film aupr\u00e8s d\u2019une r\u00e9alisatrice. Cette derni\u00e8re, semblant \u00eatre la repr\u00e9sentation d&rsquo;une personnalit\u00e9 perverse narcissique, va pousser la jeune femme dans ses derniers retranchements, lui faisant peu \u00e0 peu perdre la raison. Le film semble vouloir questionner et critiquer les m\u00e9thodes de recrutement lors des castings ainsi que les proc\u00e9d\u00e9s violents que l&rsquo;on peut retrouver chez certains artisans du milieu. Les premi\u00e8res minutes laissent planer une sensation d&rsquo;\u00eatre face \u00e0 une situation classique \u2013 voire clich\u00e9e \u2013 mainte fois rapport\u00e9e. C&rsquo;est pourtant l\u00e0 qu&rsquo;un basculement va s&rsquo;op\u00e9rer, menant la suite des \u00e9v\u00e9nements dans un registre parfois plus comique, voir surr\u00e9aliste, pour finalement presque faire glisser Au Suivant dans le registre du cin\u00e9ma de genre. Un court-m\u00e9trage dont il serait dommage, comme difficile, de divulguer la fin et dont la r\u00e9ussite r\u00e9side dans sa mani\u00e8re d&rsquo;exercer ses renversements de tonalit\u00e9s.\n<p class=\"Textbody\"><b id=\"red\">Muscle Masqu\u00e9 dans: Ferraille Pagaille de <em id=\"red\">Nicolas Gemoets<\/em> :<\/b><\/p>\nSeul film d&rsquo;animation de la s\u00e9lection, Muscle Masqu\u00e9 dans : Ferraille Pagaille, offre aussi le m\u00e9trage avec le plus d&rsquo;action \u00e0 l&rsquo;\u00e9cran. Il sera question de suivre un super-h\u00e9ros loufoque se retrouvant \u00e0 devoir affronter un monstre m\u00e9canique titanesque pour sauver sa ville. Dot\u00e9 d&rsquo;un humour prononc\u00e9 et surtout d&rsquo;un sens de la mise en sc\u00e8ne proche des r\u00e9cents <b id=\"red\">Into et Across The Spider-Verse<\/b>, ce court-m\u00e9trage permet de mettre en avant tout le talent du jeune r\u00e9alisateur Nicolas Gemoets. La gestion de ses ressorts comiques, tr\u00e8s slapstick par instant, ainsi que la vari\u00e9t\u00e9 des situations et la gestion de l&rsquo;espace sont totalement ma\u00eetris\u00e9s. S&rsquo;il fallait retenir le film pour un \u00e9l\u00e9ment, cela serait probablement pour cette volont\u00e9 quasi constante de ne se poser aucune limite dans ce qu&rsquo;il est possible de faire en terme d&rsquo;animation et\/ou de mise en sc\u00e8ne.\n<p class=\"Textbody\"><b id=\"red\">L\u2019enfant de <em id=\"red\">Bekim Vanbosche<\/em> :<\/b><\/p>\nL&rsquo;enfant propose de suivre les p\u00e9riples d&rsquo;une jeune femme enceinte alors que celle-ci rend visite durant la nuit \u00e0 un homme pour l&rsquo;aider \u00e0 accoucher de ce que nous devinons \u00eatre un nourrisson anormal. Tr\u00e8s explicitement inspir\u00e9 des \u00e9crits sur les Grands Anciens du c\u00e9l\u00e8bre \u00e9crivain <em id=\"red\">H.P.Lovecraft<\/em>, le film embrasse ses r\u00e9f\u00e9rences et ne semble pas vouloir s&rsquo;en cacher. Le r\u00e9sultat est plut\u00f4t classique, mais s&rsquo;il est inscrit au sein de ses r\u00e9f\u00e9rences il prend alors tout son sens. Se permettant m\u00eame une s\u00e9quence de r\u00eave psych\u00e9d\u00e9lique servant \u00e0 imposer l&rsquo;imaginaire de l&rsquo;\u00e9crivain aupr\u00e8s du spectateur, Bekim Vanbosche ravira les adorateurs de Cthulhu et autres Shoggoths. Un court voyage lovecraftien que n\u2019auraient pas reni\u00e9 des cin\u00e9astes comme <em id=\"red\">Stuart Gordon<\/em> et <em id=\"red\">Brian Yuzna<\/em>.\n<p class=\"Textbody\"><b id=\"red\">A la limite de <em id=\"red\">Clotilde Colson<\/em> :<\/b><\/p>\nProjet\u00e9 en cl\u00f4ture de s\u00e9ance, A la limite de Clotilde Colson raconte l&rsquo;errance de Jeanne, une jeune adolescente qui, au cours d&rsquo;une soir\u00e9e \u00e9tudiante o\u00f9 elle se rend \u00e0 contrec\u0153ur, va faire face \u00e0 plusieurs \u00e9v\u00e9nements \u00e9tranges et fantomatiques. Le film regorge d&rsquo;inventivit\u00e9 et d&rsquo;influences, citant <em id=\"red\">John Carpenter<\/em> dans sa sc\u00e8ne d&rsquo;ouverture ainsi que tous les plus grands noms du giallo, allant de <em id=\"red\">Dario Argento<\/em> \u00e0 <em id=\"red\">Mario Bava<\/em>. Un profond attachement se voit cr\u00e9er d\u00e8s les premiers instants entre le personnage principal et le public. <em id=\"red\">Fantine Harduin<\/em> campe parfaitement cette jeune fille ne se sentant pas \u00e0 sa place dans cet environnement festif estudiantin, comme si elle ne rentrait pas en ad\u00e9quation avec son environnement, comme si elle n&rsquo;\u00e9tait pas en concordance avec son \u00e9poque. Le traitement des angoisses de ce personnage vont se mat\u00e9rialiser par ce comportement errant ainsi que des manifestations d&rsquo;\u00e9l\u00e9ments lugubres, permettant \u00e0 la mise en sc\u00e8ne d&#8217;embrasser totalement toutes ses influences cin\u00e9matographiques au service de son r\u00e9cit. Le tout offrira un spectacle qui impliquera probablement une r\u00e9sonance certaine pour toutes les personnes s&rsquo;\u00e9tant d\u00e9j\u00e0 senties en inad\u00e9quation mentale comme physique avec son entourage global. A la limite plaira aux amateurs de cin\u00e9ma horrifique italien, assumant son h\u00e9ritage giallo, se permettant m\u00eame d\u2019avoir <em id=\"red\">Fabio Frizzi<\/em> &#8211; compositeur pour <em id=\"red\">Lucio Fulci<\/em> et <em id=\"red\">Sergio Martino<\/em> ainsi qu&rsquo;invit\u00e9 d&rsquo;honneur du BIFFF 2024 &#8211; en tant que concepteur de la soundtrack du film. La boucle est boucl\u00e9e !\n<div>\n\n<!-- [if !supportAnnotations]-->\n\n<hr class=\"msocomoff\" align=\"left\" size=\"2\" width=\"100%\" \/>\n\n<!--[endif]-->\n<div>\n\n<!-- [if !supportAnnotations]-->\n<div id=\"_com_1\" class=\"msocomtxt\"><\/div>\n<!--[endif]-->\n\n<\/div>\n<\/div>\t\t\t\t\t\t<\/div>\n\t\t\t\t<\/div>\n\t\t\t\t\t<\/div>\n\t\t<\/div>\n\t\t\t\t\t<\/div>\n\t\t<\/section>\n\t\t\t\t<section class=\"elementor-section elementor-top-section elementor-element elementor-element-039fb09 elementor-section-boxed elementor-section-height-default elementor-section-height-default\" data-id=\"039fb09\" data-element_type=\"section\">\n\t\t\t\t\t\t<div class=\"elementor-container elementor-column-gap-default\">\n\t\t\t\t\t<div class=\"elementor-column elementor-col-100 elementor-top-column elementor-element elementor-element-89bbe85\" data-id=\"89bbe85\" data-element_type=\"column\">\n\t\t\t<div class=\"elementor-widget-wrap elementor-element-populated\">\n\t\t\t\t\t\t<div class=\"elementor-element elementor-element-a85ba32 elementor-widget elementor-widget-html\" data-id=\"a85ba32\" data-element_type=\"widget\" data-widget_type=\"html.default\">\n\t\t\t\t<div class=\"elementor-widget-container\">\n\t\t\t<div class=\"rectangleAuteur\">\r\n<img decoding=\"async\" class=\"imgqui1\" src=\"https:\/\/zupimages.net\/up\/23\/14\/beuz.png\"\/>\r\n  <p class=\"titrequi2\">Vladimir Delmotte<\/p>\r\n  <div class=\"quibar\"><\/div>\r\n    <p class=\"pqui1\">\r\n       Dit \"Le Comte\", Vladimir est passionn\u00e9 de cin\u00e9ma depuis qu'il est tomb\u00e9 sur une rediffusion CANAL+ en crypt\u00e9 de \"Gorge Profonde\". Il n'a de cesse depuis lors de hurler sur des publics de cin\u00e9club, voire sur de simples passants dans la rue pour expliquer \u00e0 quel point les images en mouvement, c'est trop g\u00e9nial.\r\n     <\/br><\/br>\r\n     <a href=\"http:\/\/www.mefamo.be\/MFMarts\/author\/vladimir-delmotte\/\"><u>Plus de publications<\/u> <\/a>\r\n\r\n     <\/p>     <\/div>\t\t<\/div>\n\t\t\t\t<\/div>\n\t\t\t\t\t<\/div>\n\t\t<\/div>\n\t\t\t\t\t<\/div>\n\t\t<\/section>\n\t\t\t\t<section class=\"elementor-section elementor-top-section elementor-element elementor-element-f0f9b70 elementor-section-boxed elementor-section-height-default elementor-section-height-default\" data-id=\"f0f9b70\" data-element_type=\"section\">\n\t\t\t\t\t\t<div class=\"elementor-container elementor-column-gap-default\">\n\t\t\t\t\t<div class=\"elementor-column elementor-col-100 elementor-top-column elementor-element elementor-element-3fb4b02\" data-id=\"3fb4b02\" data-element_type=\"column\">\n\t\t\t<div class=\"elementor-widget-wrap elementor-element-populated\">\n\t\t\t\t\t\t<div class=\"elementor-element elementor-element-011ef59 elementor-widget elementor-widget-html\" data-id=\"011ef59\" data-element_type=\"widget\" data-widget_type=\"html.default\">\n\t\t\t\t<div class=\"elementor-widget-container\">\n\t\t\t<a href=\"https:\/\/www.mefamo.be\/MFMarts\/fabio-frizzi\/\" style=\"font-size:60px;margin-right:400px;margin-left:300px;\">\u25c4<\/a><a href=\"https:\/\/www.mefamo.be\/MFMarts\/hundreds-of-beavers\/\" style=\"font-size:60px\";>\u25ba<\/a>\t\t<\/div>\n\t\t\t\t<\/div>\n\t\t\t\t\t<\/div>\n\t\t<\/div>\n\t\t\t\t\t<\/div>\n\t\t<\/section>\n\t\t\t\t<\/div>\n\t\t","protected":false},"excerpt":{"rendered":"<p>Le BIFFF a toujours eu pour volont\u00e9 de faire d\u00e9couvrir de nouveaux talents du cin\u00e9ma&hellip;<\/p>\n","protected":false},"author":3,"featured_media":5828,"comment_status":"open","ping_status":"open","sticky":false,"template":"","format":"standard","meta":[],"categories":[58],"tags":[],"yoast_head":"<!-- This site is optimized with the Yoast SEO plugin v20.2.1 - https:\/\/yoast.com\/wordpress\/plugins\/seo\/ -->\n<title>BIFFF 2024 - Mefamo<\/title>\n<meta name=\"robots\" content=\"index, follow, max-snippet:-1, max-image-preview:large, max-video-preview:-1\" \/>\n<link rel=\"canonical\" href=\"http:\/\/www.mefamo.be\/MFMarts\/bifff-2024\/\" \/>\n<meta property=\"og:locale\" content=\"fr_FR\" \/>\n<meta property=\"og:type\" content=\"article\" \/>\n<meta property=\"og:title\" content=\"BIFFF 2024 - Mefamo\" \/>\n<meta property=\"og:description\" content=\"Le BIFFF a toujours eu pour volont\u00e9 de faire d\u00e9couvrir de nouveaux talents du cin\u00e9ma&hellip;\" \/>\n<meta property=\"og:url\" content=\"http:\/\/www.mefamo.be\/MFMarts\/bifff-2024\/\" \/>\n<meta property=\"og:site_name\" content=\"Mefamo\" \/>\n<meta property=\"article:published_time\" content=\"2024-05-10T19:35:34+00:00\" \/>\n<meta property=\"article:modified_time\" content=\"2025-01-13T11:47:54+00:00\" \/>\n<meta property=\"og:image\" content=\"http:\/\/www.mefamo.be\/MFMarts\/wp-content\/uploads\/2016\/03\/BIFFF-2024.png\" \/>\n\t<meta property=\"og:image:width\" content=\"3000\" \/>\n\t<meta property=\"og:image:height\" content=\"1300\" \/>\n\t<meta property=\"og:image:type\" content=\"image\/png\" \/>\n<meta name=\"author\" content=\"Vladimir Delmotte\" \/>\n<meta name=\"twitter:card\" content=\"summary_large_image\" \/>\n<meta name=\"twitter:label1\" content=\"\u00c9crit par\" \/>\n\t<meta name=\"twitter:data1\" content=\"Vladimir Delmotte\" \/>\n\t<meta name=\"twitter:label2\" content=\"Dur\u00e9e de lecture estim\u00e9e\" \/>\n\t<meta name=\"twitter:data2\" content=\"10 minutes\" \/>\n<script type=\"application\/ld+json\" class=\"yoast-schema-graph\">{\"@context\":\"https:\/\/schema.org\",\"@graph\":[{\"@type\":\"Article\",\"@id\":\"http:\/\/www.mefamo.be\/MFMarts\/bifff-2024\/#article\",\"isPartOf\":{\"@id\":\"http:\/\/www.mefamo.be\/MFMarts\/bifff-2024\/\"},\"author\":{\"name\":\"Vladimir Delmotte\",\"@id\":\"https:\/\/www.mefamo.be\/MFMarts\/#\/schema\/person\/d9c908940146fe813bfa0af4367a91e5\"},\"headline\":\"BIFFF 2024\",\"datePublished\":\"2024-05-10T19:35:34+00:00\",\"dateModified\":\"2025-01-13T11:47:54+00:00\",\"mainEntityOfPage\":{\"@id\":\"http:\/\/www.mefamo.be\/MFMarts\/bifff-2024\/\"},\"wordCount\":2049,\"commentCount\":0,\"publisher\":{\"@id\":\"https:\/\/www.mefamo.be\/MFMarts\/#organization\"},\"articleSection\":[\"Le Trou du Culte\"],\"inLanguage\":\"fr-FR\",\"potentialAction\":[{\"@type\":\"CommentAction\",\"name\":\"Comment\",\"target\":[\"http:\/\/www.mefamo.be\/MFMarts\/bifff-2024\/#respond\"]}]},{\"@type\":\"WebPage\",\"@id\":\"http:\/\/www.mefamo.be\/MFMarts\/bifff-2024\/\",\"url\":\"http:\/\/www.mefamo.be\/MFMarts\/bifff-2024\/\",\"name\":\"BIFFF 2024 - Mefamo\",\"isPartOf\":{\"@id\":\"https:\/\/www.mefamo.be\/MFMarts\/#website\"},\"datePublished\":\"2024-05-10T19:35:34+00:00\",\"dateModified\":\"2025-01-13T11:47:54+00:00\",\"breadcrumb\":{\"@id\":\"http:\/\/www.mefamo.be\/MFMarts\/bifff-2024\/#breadcrumb\"},\"inLanguage\":\"fr-FR\",\"potentialAction\":[{\"@type\":\"ReadAction\",\"target\":[\"http:\/\/www.mefamo.be\/MFMarts\/bifff-2024\/\"]}]},{\"@type\":\"BreadcrumbList\",\"@id\":\"http:\/\/www.mefamo.be\/MFMarts\/bifff-2024\/#breadcrumb\",\"itemListElement\":[{\"@type\":\"ListItem\",\"position\":1,\"name\":\"Accueil\",\"item\":\"https:\/\/www.mefamo.be\/MFMarts\/\"},{\"@type\":\"ListItem\",\"position\":2,\"name\":\"BIFFF 2024\"}]},{\"@type\":\"WebSite\",\"@id\":\"https:\/\/www.mefamo.be\/MFMarts\/#website\",\"url\":\"https:\/\/www.mefamo.be\/MFMarts\/\",\"name\":\"Mefamo\",\"description\":\"L&#039;imaginaire en mouvement\",\"publisher\":{\"@id\":\"https:\/\/www.mefamo.be\/MFMarts\/#organization\"},\"potentialAction\":[{\"@type\":\"SearchAction\",\"target\":{\"@type\":\"EntryPoint\",\"urlTemplate\":\"https:\/\/www.mefamo.be\/MFMarts\/?s={search_term_string}\"},\"query-input\":\"required name=search_term_string\"}],\"inLanguage\":\"fr-FR\"},{\"@type\":\"Organization\",\"@id\":\"https:\/\/www.mefamo.be\/MFMarts\/#organization\",\"name\":\"Mefamo\",\"url\":\"https:\/\/www.mefamo.be\/MFMarts\/\",\"logo\":{\"@type\":\"ImageObject\",\"inLanguage\":\"fr-FR\",\"@id\":\"https:\/\/www.mefamo.be\/MFMarts\/#\/schema\/logo\/image\/\",\"url\":\"http:\/\/www.mefamo.be\/MFMarts\/wp-content\/uploads\/2016\/09\/Logo-Mefamo-e1474883034358.png\",\"contentUrl\":\"http:\/\/www.mefamo.be\/MFMarts\/wp-content\/uploads\/2016\/09\/Logo-Mefamo-e1474883034358.png\",\"width\":178,\"height\":50,\"caption\":\"Mefamo\"},\"image\":{\"@id\":\"https:\/\/www.mefamo.be\/MFMarts\/#\/schema\/logo\/image\/\"}},{\"@type\":\"Person\",\"@id\":\"https:\/\/www.mefamo.be\/MFMarts\/#\/schema\/person\/d9c908940146fe813bfa0af4367a91e5\",\"name\":\"Vladimir Delmotte\",\"image\":{\"@type\":\"ImageObject\",\"inLanguage\":\"fr-FR\",\"@id\":\"https:\/\/www.mefamo.be\/MFMarts\/#\/schema\/person\/image\/\",\"url\":\"http:\/\/www.mefamo.be\/MFMarts\/wp-content\/uploads\/2022\/10\/Vlad.jpg\",\"contentUrl\":\"http:\/\/www.mefamo.be\/MFMarts\/wp-content\/uploads\/2022\/10\/Vlad.jpg\",\"caption\":\"Vladimir Delmotte\"},\"description\":\"Dit \\\"Le Comte\\\", Vladimir est passionn\u00e9 de cin\u00e9ma depuis qu'il est tomb\u00e9 sur une rediffusion CANAL+ en crypt\u00e9 de \\\"Gorge Profonde\\\". Il n'a de cesse depuis lors de hurler sur des publics de cin\u00e9club, voire sur de simples passants dans la rue pour expliquer \u00e0 quel point les images en mouvement, c'est trop g\u00e9nial.\",\"url\":\"http:\/\/www.mefamo.be\/MFMarts\/author\/vladimir-delmotte\/\"}]}<\/script>\n<!-- \/ Yoast SEO plugin. -->","yoast_head_json":{"title":"BIFFF 2024 - Mefamo","robots":{"index":"index","follow":"follow","max-snippet":"max-snippet:-1","max-image-preview":"max-image-preview:large","max-video-preview":"max-video-preview:-1"},"canonical":"http:\/\/www.mefamo.be\/MFMarts\/bifff-2024\/","og_locale":"fr_FR","og_type":"article","og_title":"BIFFF 2024 - Mefamo","og_description":"Le BIFFF a toujours eu pour volont\u00e9 de faire d\u00e9couvrir de nouveaux talents du cin\u00e9ma&hellip;","og_url":"http:\/\/www.mefamo.be\/MFMarts\/bifff-2024\/","og_site_name":"Mefamo","article_published_time":"2024-05-10T19:35:34+00:00","article_modified_time":"2025-01-13T11:47:54+00:00","og_image":[{"width":3000,"height":1300,"url":"http:\/\/www.mefamo.be\/MFMarts\/wp-content\/uploads\/2016\/03\/BIFFF-2024.png","type":"image\/png"}],"author":"Vladimir Delmotte","twitter_card":"summary_large_image","twitter_misc":{"\u00c9crit par":"Vladimir Delmotte","Dur\u00e9e de lecture estim\u00e9e":"10 minutes"},"schema":{"@context":"https:\/\/schema.org","@graph":[{"@type":"Article","@id":"http:\/\/www.mefamo.be\/MFMarts\/bifff-2024\/#article","isPartOf":{"@id":"http:\/\/www.mefamo.be\/MFMarts\/bifff-2024\/"},"author":{"name":"Vladimir Delmotte","@id":"https:\/\/www.mefamo.be\/MFMarts\/#\/schema\/person\/d9c908940146fe813bfa0af4367a91e5"},"headline":"BIFFF 2024","datePublished":"2024-05-10T19:35:34+00:00","dateModified":"2025-01-13T11:47:54+00:00","mainEntityOfPage":{"@id":"http:\/\/www.mefamo.be\/MFMarts\/bifff-2024\/"},"wordCount":2049,"commentCount":0,"publisher":{"@id":"https:\/\/www.mefamo.be\/MFMarts\/#organization"},"articleSection":["Le Trou du Culte"],"inLanguage":"fr-FR","potentialAction":[{"@type":"CommentAction","name":"Comment","target":["http:\/\/www.mefamo.be\/MFMarts\/bifff-2024\/#respond"]}]},{"@type":"WebPage","@id":"http:\/\/www.mefamo.be\/MFMarts\/bifff-2024\/","url":"http:\/\/www.mefamo.be\/MFMarts\/bifff-2024\/","name":"BIFFF 2024 - Mefamo","isPartOf":{"@id":"https:\/\/www.mefamo.be\/MFMarts\/#website"},"datePublished":"2024-05-10T19:35:34+00:00","dateModified":"2025-01-13T11:47:54+00:00","breadcrumb":{"@id":"http:\/\/www.mefamo.be\/MFMarts\/bifff-2024\/#breadcrumb"},"inLanguage":"fr-FR","potentialAction":[{"@type":"ReadAction","target":["http:\/\/www.mefamo.be\/MFMarts\/bifff-2024\/"]}]},{"@type":"BreadcrumbList","@id":"http:\/\/www.mefamo.be\/MFMarts\/bifff-2024\/#breadcrumb","itemListElement":[{"@type":"ListItem","position":1,"name":"Accueil","item":"https:\/\/www.mefamo.be\/MFMarts\/"},{"@type":"ListItem","position":2,"name":"BIFFF 2024"}]},{"@type":"WebSite","@id":"https:\/\/www.mefamo.be\/MFMarts\/#website","url":"https:\/\/www.mefamo.be\/MFMarts\/","name":"Mefamo","description":"L&#039;imaginaire en mouvement","publisher":{"@id":"https:\/\/www.mefamo.be\/MFMarts\/#organization"},"potentialAction":[{"@type":"SearchAction","target":{"@type":"EntryPoint","urlTemplate":"https:\/\/www.mefamo.be\/MFMarts\/?s={search_term_string}"},"query-input":"required name=search_term_string"}],"inLanguage":"fr-FR"},{"@type":"Organization","@id":"https:\/\/www.mefamo.be\/MFMarts\/#organization","name":"Mefamo","url":"https:\/\/www.mefamo.be\/MFMarts\/","logo":{"@type":"ImageObject","inLanguage":"fr-FR","@id":"https:\/\/www.mefamo.be\/MFMarts\/#\/schema\/logo\/image\/","url":"http:\/\/www.mefamo.be\/MFMarts\/wp-content\/uploads\/2016\/09\/Logo-Mefamo-e1474883034358.png","contentUrl":"http:\/\/www.mefamo.be\/MFMarts\/wp-content\/uploads\/2016\/09\/Logo-Mefamo-e1474883034358.png","width":178,"height":50,"caption":"Mefamo"},"image":{"@id":"https:\/\/www.mefamo.be\/MFMarts\/#\/schema\/logo\/image\/"}},{"@type":"Person","@id":"https:\/\/www.mefamo.be\/MFMarts\/#\/schema\/person\/d9c908940146fe813bfa0af4367a91e5","name":"Vladimir Delmotte","image":{"@type":"ImageObject","inLanguage":"fr-FR","@id":"https:\/\/www.mefamo.be\/MFMarts\/#\/schema\/person\/image\/","url":"http:\/\/www.mefamo.be\/MFMarts\/wp-content\/uploads\/2022\/10\/Vlad.jpg","contentUrl":"http:\/\/www.mefamo.be\/MFMarts\/wp-content\/uploads\/2022\/10\/Vlad.jpg","caption":"Vladimir Delmotte"},"description":"Dit \"Le Comte\", Vladimir est passionn\u00e9 de cin\u00e9ma depuis qu'il est tomb\u00e9 sur une rediffusion CANAL+ en crypt\u00e9 de \"Gorge Profonde\". Il n'a de cesse depuis lors de hurler sur des publics de cin\u00e9club, voire sur de simples passants dans la rue pour expliquer \u00e0 quel point les images en mouvement, c'est trop g\u00e9nial.","url":"http:\/\/www.mefamo.be\/MFMarts\/author\/vladimir-delmotte\/"}]}},"_links":{"self":[{"href":"http:\/\/www.mefamo.be\/MFMarts\/wp-json\/wp\/v2\/posts\/5732"}],"collection":[{"href":"http:\/\/www.mefamo.be\/MFMarts\/wp-json\/wp\/v2\/posts"}],"about":[{"href":"http:\/\/www.mefamo.be\/MFMarts\/wp-json\/wp\/v2\/types\/post"}],"author":[{"embeddable":true,"href":"http:\/\/www.mefamo.be\/MFMarts\/wp-json\/wp\/v2\/users\/3"}],"replies":[{"embeddable":true,"href":"http:\/\/www.mefamo.be\/MFMarts\/wp-json\/wp\/v2\/comments?post=5732"}],"version-history":[{"count":17,"href":"http:\/\/www.mefamo.be\/MFMarts\/wp-json\/wp\/v2\/posts\/5732\/revisions"}],"predecessor-version":[{"id":5882,"href":"http:\/\/www.mefamo.be\/MFMarts\/wp-json\/wp\/v2\/posts\/5732\/revisions\/5882"}],"wp:featuredmedia":[{"embeddable":true,"href":"http:\/\/www.mefamo.be\/MFMarts\/wp-json\/wp\/v2\/media\/5828"}],"wp:attachment":[{"href":"http:\/\/www.mefamo.be\/MFMarts\/wp-json\/wp\/v2\/media?parent=5732"}],"wp:term":[{"taxonomy":"category","embeddable":true,"href":"http:\/\/www.mefamo.be\/MFMarts\/wp-json\/wp\/v2\/categories?post=5732"},{"taxonomy":"post_tag","embeddable":true,"href":"http:\/\/www.mefamo.be\/MFMarts\/wp-json\/wp\/v2\/tags?post=5732"}],"curies":[{"name":"wp","href":"https:\/\/api.w.org\/{rel}","templated":true}]}}